{"id":2104,"date":"2017-12-19T13:04:47","date_gmt":"2017-12-19T12:04:47","guid":{"rendered":"http:\/\/www.schulezumroemerturm.de\/?p=2104"},"modified":"2017-12-19T13:06:36","modified_gmt":"2017-12-19T12:06:36","slug":"mittelstufe-2-praesentiert-das-diesjaehrige-adventsfenster","status":"publish","type":"post","link":"https:\/\/www.schulezumroemerturm.de\/index.php\/2017\/12\/19\/mittelstufe-2-praesentiert-das-diesjaehrige-adventsfenster\/","title":{"rendered":"Mittelstufe 2 pr\u00e4sentiert das diesj\u00e4hrige Adventsfenster"},"content":{"rendered":"<figure id=\"attachment_2106\" aria-describedby=\"caption-attachment-2106\" style=\"width: 300px\" class=\"wp-caption alignleft\"><img loading=\"lazy\" decoding=\"async\" class=\"wp-image-2106 size-medium\" src=\"http:\/\/www.schulezumroemerturm.de\/wp-content\/uploads\/2017\/12\/Weihnachtsfenster_2017_2-300x225.jpg\" alt=\"\" width=\"300\" height=\"225\" srcset=\"https:\/\/www.schulezumroemerturm.de\/wp-content\/uploads\/2017\/12\/Weihnachtsfenster_2017_2-300x225.jpg 300w, https:\/\/www.schulezumroemerturm.de\/wp-content\/uploads\/2017\/12\/Weihnachtsfenster_2017_2.jpg 1024w\" sizes=\"auto, (max-width: 300px) 100vw, 300px\" \/><figcaption id=\"caption-attachment-2106\" class=\"wp-caption-text\">S\u00fc\u00dfer die Fenster nie leuchten.<\/figcaption><\/figure>\n<p style=\"text-align: justify;\">Am Montagabend, den 18.12. versammelten sich Sch\u00fcler und Sch\u00fclerinnen, Eltern, Lehrpersonen und G\u00e4ste aus Thorr vor der Schule Zum R\u00f6merturm, um ein weiteres Advents-fenster in der Dorf-gemeinschaft zu \u00f6ffnen. P\u00fcnktlich um 18.00 Uhr mit dem L\u00e4uten der Glocken wurde die Stellwand vor dem Fenster der Mittelstufe 2 weggetragen und ein sch\u00f6n gestaltetes Adventsfenster mit der Figur des Nussknackers und Ballettt\u00e4nzerinnen erschien dahinter, erarbeitet im Unterricht zum Thema &#8222;Nussknacker&#8220; von Tschaikowski. Zu Liedern des Advents stimmten sich alle vorweihnachtlich ein. Alle sangen begeistert und kr\u00e4ftig mit. Gerne lud die Mittelstufe 2 anschlie\u00dfend zu selbst gebackenem Kuchen und Pl\u00e4tzchen, Kakao und Kaffee in die gem\u00fctlich geschm\u00fcckte Klasse ein, wo sich alle wieder schnell aufw\u00e4rmten.<\/p>\n<figure id=\"attachment_2105\" aria-describedby=\"caption-attachment-2105\" style=\"width: 300px\" class=\"wp-caption aligncenter\"><img loading=\"lazy\" decoding=\"async\" class=\"wp-image-2105 size-medium\" src=\"http:\/\/www.schulezumroemerturm.de\/wp-content\/uploads\/2017\/12\/Weihnachtsfenster_2017_1-300x225.jpg\" alt=\"\" width=\"300\" height=\"225\" srcset=\"https:\/\/www.schulezumroemerturm.de\/wp-content\/uploads\/2017\/12\/Weihnachtsfenster_2017_1-300x225.jpg 300w, https:\/\/www.schulezumroemerturm.de\/wp-content\/uploads\/2017\/12\/Weihnachtsfenster_2017_1.jpg 1024w\" sizes=\"auto, (max-width: 300px) 100vw, 300px\" \/><figcaption id=\"caption-attachment-2105\" class=\"wp-caption-text\">Traditionell singt die Thorrer Dorfgemeinschaft einige stimmungsvolle Weihnachtslieder, bevor es zur St\u00e4rkung ins Warme geht.<\/figcaption><\/figure>\n","protected":false},"excerpt":{"rendered":"<p>Am Montagabend, den 18.12. versammelten sich Sch\u00fcler und Sch\u00fclerinnen, Eltern, Lehrpersonen und G\u00e4ste aus Thorr vor der Schule Zum R\u00f6merturm, um ein weiteres Advents-fenster in der Dorf-gemeinschaft zu \u00f6ffnen. P\u00fcnktlich um 18.00 Uhr mit dem L\u00e4uten der Glocken wurde die Stellwand vor dem Fenster der Mittelstufe 2 weggetragen und ein sch\u00f6n gestaltetes Adventsfenster mit der &hellip; <a href=\"https:\/\/www.schulezumroemerturm.de\/index.php\/2017\/12\/19\/mittelstufe-2-praesentiert-das-diesjaehrige-adventsfenster\/\" class=\"more-link\"><span class=\"screen-reader-text\">Mittelstufe 2 pr\u00e4sentiert das diesj\u00e4hrige Adventsfenster<\/span> weiterlesen <span class=\"meta-nav\">&rarr;<\/span><\/a><\/p>\n","protected":false},"author":2,"featured_media":0,"comment_status":"closed","ping_status":"closed","sticky":false,"template":"","format":"standard","meta":{"footnotes":""},"categories":[1],"tags":[],"class_list":["post-2104","post","type-post","status-publish","format-standard","hentry","category-allgemein"],"_links":{"self":[{"href":"https:\/\/www.schulezumroemerturm.de\/index.php\/wp-json\/wp\/v2\/posts\/2104","targetHints":{"allow":["GET"]}}],"collection":[{"href":"https:\/\/www.schulezumroemerturm.de\/index.php\/wp-json\/wp\/v2\/posts"}],"about":[{"href":"https:\/\/www.schulezumroemerturm.de\/index.php\/wp-json\/wp\/v2\/types\/post"}],"author":[{"embeddable":true,"href":"https:\/\/www.schulezumroemerturm.de\/index.php\/wp-json\/wp\/v2\/users\/2"}],"replies":[{"embeddable":true,"href":"https:\/\/www.schulezumroemerturm.de\/index.php\/wp-json\/wp\/v2\/comments?post=2104"}],"version-history":[{"count":3,"href":"https:\/\/www.schulezumroemerturm.de\/index.php\/wp-json\/wp\/v2\/posts\/2104\/revisions"}],"predecessor-version":[{"id":2109,"href":"https:\/\/www.schulezumroemerturm.de\/index.php\/wp-json\/wp\/v2\/posts\/2104\/revisions\/2109"}],"wp:attachment":[{"href":"https:\/\/www.schulezumroemerturm.de\/index.php\/wp-json\/wp\/v2\/media?parent=2104"}],"wp:term":[{"taxonomy":"category","embeddable":true,"href":"https:\/\/www.schulezumroemerturm.de\/index.php\/wp-json\/wp\/v2\/categories?post=2104"},{"taxonomy":"post_tag","embeddable":true,"href":"https:\/\/www.schulezumroemerturm.de\/index.php\/wp-json\/wp\/v2\/tags?post=2104"}],"curies":[{"name":"wp","href":"https:\/\/api.w.org\/{rel}","templated":true}]}}