{"id":2110,"date":"2017-12-20T14:47:31","date_gmt":"2017-12-20T13:47:31","guid":{"rendered":"http:\/\/www.schulezumroemerturm.de\/?p=2110"},"modified":"2017-12-21T16:19:17","modified_gmt":"2017-12-21T15:19:17","slug":"schulgemeinschaft-stimmt-sich-mit-grossem-bruch-auf-die-weihnachtszeit-ein","status":"publish","type":"post","link":"https:\/\/www.schulezumroemerturm.de\/index.php\/2017\/12\/20\/schulgemeinschaft-stimmt-sich-mit-grossem-bruch-auf-die-weihnachtszeit-ein\/","title":{"rendered":"Schulgemeinschaft stimmt sich mit gro\u00dfem Brunch auf die Weihnachtszeit ein"},"content":{"rendered":"<p style=\"text-align: justify;\"><img loading=\"lazy\" decoding=\"async\" class=\"size-medium wp-image-2112 alignleft\" src=\"http:\/\/www.schulezumroemerturm.de\/wp-content\/uploads\/2017\/12\/weihnachtsbrunch_2017_2-225x300.jpg\" alt=\"\" width=\"225\" height=\"300\" srcset=\"https:\/\/www.schulezumroemerturm.de\/wp-content\/uploads\/2017\/12\/weihnachtsbrunch_2017_2-225x300.jpg 225w, https:\/\/www.schulezumroemerturm.de\/wp-content\/uploads\/2017\/12\/weihnachtsbrunch_2017_2.jpg 768w\" sizes=\"auto, (max-width: 225px) 100vw, 225px\" \/>Am letzten Mittwoch vor den Ferien kamen alle Sch\u00fclerinnen und Sch\u00fcler sowie alle Mitarbeiterinnen und Mitarbeiter zum traditionellen Weihnachtsbrunch in der Turnhalle zusammen. Bei besinnlicher Musik, festlich geschm\u00fcckten Tischen und einem \u00fcppigen Buffet konnten sich alle schon mal auf den anstehenden vierten Advent und damit auf die Weihnachtstage einstimmen. Nach einer festlichen Ansprache von Schulleiterin Monika Christoffels sorgten die Sch\u00fclerinnen und Sch\u00fcler der Drums-Alive-AG mit einem spontan einstudierten Tanz f\u00fcr ausgelassene Stimmung bevor es dann alle zu den Pizzen, Aufl\u00e4ufen, Salaten und Kuchen zog.<\/p>\n","protected":false},"excerpt":{"rendered":"<p>Am letzten Mittwoch vor den Ferien kamen alle Sch\u00fclerinnen und Sch\u00fcler sowie alle Mitarbeiterinnen und Mitarbeiter zum traditionellen Weihnachtsbrunch in der Turnhalle zusammen. Bei besinnlicher Musik, festlich geschm\u00fcckten Tischen und einem \u00fcppigen Buffet konnten sich alle schon mal auf den anstehenden vierten Advent und damit auf die Weihnachtstage einstimmen. Nach einer festlichen Ansprache von Schulleiterin &hellip; <a href=\"https:\/\/www.schulezumroemerturm.de\/index.php\/2017\/12\/20\/schulgemeinschaft-stimmt-sich-mit-grossem-bruch-auf-die-weihnachtszeit-ein\/\" class=\"more-link\"><span class=\"screen-reader-text\">Schulgemeinschaft stimmt sich mit gro\u00dfem Brunch auf die Weihnachtszeit ein<\/span> weiterlesen <span class=\"meta-nav\">&rarr;<\/span><\/a><\/p>\n","protected":false},"author":2,"featured_media":0,"comment_status":"closed","ping_status":"closed","sticky":false,"template":"","format":"standard","meta":{"footnotes":""},"categories":[1],"tags":[],"class_list":["post-2110","post","type-post","status-publish","format-standard","hentry","category-allgemein"],"_links":{"self":[{"href":"https:\/\/www.schulezumroemerturm.de\/index.php\/wp-json\/wp\/v2\/posts\/2110","targetHints":{"allow":["GET"]}}],"collection":[{"href":"https:\/\/www.schulezumroemerturm.de\/index.php\/wp-json\/wp\/v2\/posts"}],"about":[{"href":"https:\/\/www.schulezumroemerturm.de\/index.php\/wp-json\/wp\/v2\/types\/post"}],"author":[{"embeddable":true,"href":"https:\/\/www.schulezumroemerturm.de\/index.php\/wp-json\/wp\/v2\/users\/2"}],"replies":[{"embeddable":true,"href":"https:\/\/www.schulezumroemerturm.de\/index.php\/wp-json\/wp\/v2\/comments?post=2110"}],"version-history":[{"count":3,"href":"https:\/\/www.schulezumroemerturm.de\/index.php\/wp-json\/wp\/v2\/posts\/2110\/revisions"}],"predecessor-version":[{"id":2127,"href":"https:\/\/www.schulezumroemerturm.de\/index.php\/wp-json\/wp\/v2\/posts\/2110\/revisions\/2127"}],"wp:attachment":[{"href":"https:\/\/www.schulezumroemerturm.de\/index.php\/wp-json\/wp\/v2\/media?parent=2110"}],"wp:term":[{"taxonomy":"category","embeddable":true,"href":"https:\/\/www.schulezumroemerturm.de\/index.php\/wp-json\/wp\/v2\/categories?post=2110"},{"taxonomy":"post_tag","embeddable":true,"href":"https:\/\/www.schulezumroemerturm.de\/index.php\/wp-json\/wp\/v2\/tags?post=2110"}],"curies":[{"name":"wp","href":"https:\/\/api.w.org\/{rel}","templated":true}]}}