{"id":2154,"date":"2018-01-24T15:04:18","date_gmt":"2018-01-24T14:04:18","guid":{"rendered":"http:\/\/www.schulezumroemerturm.de\/?p=2154"},"modified":"2018-01-24T15:04:18","modified_gmt":"2018-01-24T14:04:18","slug":"fussballmannschaft-gewinnt-vorrundenturnier-zur-landesmeisterschaft","status":"publish","type":"post","link":"https:\/\/www.schulezumroemerturm.de\/index.php\/2018\/01\/24\/fussballmannschaft-gewinnt-vorrundenturnier-zur-landesmeisterschaft\/","title":{"rendered":"Fu\u00dfballmannschaft gewinnt Vorrundenturnier zur Landesmeisterschaft"},"content":{"rendered":"<p style=\"text-align: justify;\"><img loading=\"lazy\" decoding=\"async\" class=\"size-medium wp-image-2155 alignleft\" src=\"http:\/\/www.schulezumroemerturm.de\/wp-content\/uploads\/2018\/01\/Urkunde_Landesmeisterschaft_2018-225x300.jpg\" alt=\"\" width=\"225\" height=\"300\" srcset=\"https:\/\/www.schulezumroemerturm.de\/wp-content\/uploads\/2018\/01\/Urkunde_Landesmeisterschaft_2018-225x300.jpg 225w, https:\/\/www.schulezumroemerturm.de\/wp-content\/uploads\/2018\/01\/Urkunde_Landesmeisterschaft_2018.jpg 768w\" sizes=\"auto, (max-width: 225px) 100vw, 225px\" \/>Zw\u00f6lf Punkte, zehn Tore und null Gegentore. Von einer solchen Ausbeute tr\u00e4umt sogar der FC Bayern M\u00fcnchen (ganz zu schweigen vom 1. FC K\u00f6ln). Die Fu\u00dfballerinnen und Fu\u00dfballer der Schule Zum R\u00f6merturm haben diese Werte am 23. Januar tats\u00e4chlich erreicht und damit den ersten Platz beim Vorrundenturnier zur Landesmeisterschaft in Kall. Florian Monet legte mit einer au\u00dferordentlichen Torwartleistung den Grundstein f\u00fcr die vier Siege, die dem Trainergespann Hoffstadt und K\u00f6nigs sowie den Spielerinnen und Spielern das Weiterkommen in die n\u00e4chste Runde sicherten.<\/p>\n<p>Gut gemacht!<\/p>\n","protected":false},"excerpt":{"rendered":"<p>Zw\u00f6lf Punkte, zehn Tore und null Gegentore. Von einer solchen Ausbeute tr\u00e4umt sogar der FC Bayern M\u00fcnchen (ganz zu schweigen vom 1. FC K\u00f6ln). Die Fu\u00dfballerinnen und Fu\u00dfballer der Schule Zum R\u00f6merturm haben diese Werte am 23. Januar tats\u00e4chlich erreicht und damit den ersten Platz beim Vorrundenturnier zur Landesmeisterschaft in Kall. Florian Monet legte mit &hellip; <a href=\"https:\/\/www.schulezumroemerturm.de\/index.php\/2018\/01\/24\/fussballmannschaft-gewinnt-vorrundenturnier-zur-landesmeisterschaft\/\" class=\"more-link\"><span class=\"screen-reader-text\">Fu\u00dfballmannschaft gewinnt Vorrundenturnier zur Landesmeisterschaft<\/span> weiterlesen <span class=\"meta-nav\">&rarr;<\/span><\/a><\/p>\n","protected":false},"author":2,"featured_media":0,"comment_status":"closed","ping_status":"closed","sticky":false,"template":"","format":"standard","meta":{"footnotes":""},"categories":[1],"tags":[],"class_list":["post-2154","post","type-post","status-publish","format-standard","hentry","category-allgemein"],"_links":{"self":[{"href":"https:\/\/www.schulezumroemerturm.de\/index.php\/wp-json\/wp\/v2\/posts\/2154","targetHints":{"allow":["GET"]}}],"collection":[{"href":"https:\/\/www.schulezumroemerturm.de\/index.php\/wp-json\/wp\/v2\/posts"}],"about":[{"href":"https:\/\/www.schulezumroemerturm.de\/index.php\/wp-json\/wp\/v2\/types\/post"}],"author":[{"embeddable":true,"href":"https:\/\/www.schulezumroemerturm.de\/index.php\/wp-json\/wp\/v2\/users\/2"}],"replies":[{"embeddable":true,"href":"https:\/\/www.schulezumroemerturm.de\/index.php\/wp-json\/wp\/v2\/comments?post=2154"}],"version-history":[{"count":1,"href":"https:\/\/www.schulezumroemerturm.de\/index.php\/wp-json\/wp\/v2\/posts\/2154\/revisions"}],"predecessor-version":[{"id":2156,"href":"https:\/\/www.schulezumroemerturm.de\/index.php\/wp-json\/wp\/v2\/posts\/2154\/revisions\/2156"}],"wp:attachment":[{"href":"https:\/\/www.schulezumroemerturm.de\/index.php\/wp-json\/wp\/v2\/media?parent=2154"}],"wp:term":[{"taxonomy":"category","embeddable":true,"href":"https:\/\/www.schulezumroemerturm.de\/index.php\/wp-json\/wp\/v2\/categories?post=2154"},{"taxonomy":"post_tag","embeddable":true,"href":"https:\/\/www.schulezumroemerturm.de\/index.php\/wp-json\/wp\/v2\/tags?post=2154"}],"curies":[{"name":"wp","href":"https:\/\/api.w.org\/{rel}","templated":true}]}}