{"id":2663,"date":"2019-01-25T11:27:32","date_gmt":"2019-01-25T10:27:32","guid":{"rendered":"http:\/\/www.schulezumroemerturm.de\/?p=2663"},"modified":"2019-01-25T11:32:39","modified_gmt":"2019-01-25T10:32:39","slug":"erste-hilfe-kurs-in-den-berufspraxisstufen","status":"publish","type":"post","link":"https:\/\/www.schulezumroemerturm.de\/index.php\/2019\/01\/25\/erste-hilfe-kurs-in-den-berufspraxisstufen\/","title":{"rendered":"Erste-Hilfe-Kurs in den Berufspraxisstufen"},"content":{"rendered":"<figure id=\"attachment_2664\" aria-describedby=\"caption-attachment-2664\" style=\"width: 300px\" class=\"wp-caption alignleft\"><img loading=\"lazy\" decoding=\"async\" class=\"wp-image-2664 size-medium\" src=\"http:\/\/www.schulezumroemerturm.de\/wp-content\/uploads\/2019\/01\/Erste_hilfe-300x225.jpg\" alt=\"\" width=\"300\" height=\"225\" srcset=\"https:\/\/www.schulezumroemerturm.de\/wp-content\/uploads\/2019\/01\/Erste_hilfe-300x225.jpg 300w, https:\/\/www.schulezumroemerturm.de\/wp-content\/uploads\/2019\/01\/Erste_hilfe-1024x768.jpg 1024w\" sizes=\"auto, (max-width: 300px) 100vw, 300px\" \/><figcaption id=\"caption-attachment-2664\" class=\"wp-caption-text\">In einer nachgespielten Situation \u00fcberpr\u00fcft ein Sch\u00fcler, ob die Verletzte ansprechbar ist.<\/figcaption><\/figure>\n<figure id=\"attachment_2665\" aria-describedby=\"caption-attachment-2665\" style=\"width: 300px\" class=\"wp-caption alignleft\"><img loading=\"lazy\" decoding=\"async\" class=\"wp-image-2665 size-medium\" src=\"http:\/\/www.schulezumroemerturm.de\/wp-content\/uploads\/2019\/01\/notruf-300x225.jpg\" alt=\"\" width=\"300\" height=\"225\" srcset=\"https:\/\/www.schulezumroemerturm.de\/wp-content\/uploads\/2019\/01\/notruf-300x225.jpg 300w, https:\/\/www.schulezumroemerturm.de\/wp-content\/uploads\/2019\/01\/notruf-1024x768.jpg 1024w\" sizes=\"auto, (max-width: 300px) 100vw, 300px\" \/><figcaption id=\"caption-attachment-2665\" class=\"wp-caption-text\">geh\u00f6rt wohl zu den wichtigsten Ma\u00dfnahmen der Ersten-Hilfe: Das Absetzen eines Notrufs.<\/figcaption><\/figure>\n<p style=\"text-align: justify;\">Um in Notf\u00e4llen angemessen reagieren zu k\u00f6nnen, absolvieren die Sch\u00fclerinnen und Sch\u00fcler der Berufspraxisstufen alle zwei Jahre einen zweit\u00e4gigen Erste-Hilfe-Kurs. Am 16. und 17. Januar war es wieder soweit. Herr Hornfeck vom Malteser-Hilfsdienst \u00fcbte mit den jungen Erwachsenen das Absetzen eines Notrufs, das Anlegen von Druckverb\u00e4nden, die stabile Seitenlage und vieles mehr. Den Sch\u00fclerinnen und Sch\u00fclern gefiel besonders gut, dass sie alles immer wieder \u00fcben durften, wodurch sie besonders viel Sicherheit gewannen. &#8222;<em>Jetzt traue ich mich auch, den Notruf zu w\u00e4hlen, weil ich wei\u00df, dass ich nichts falsch machen kann und mir geholfen wird&#8220;<\/em>, sagte eine Sch\u00fclerin nachdem sie erfuhr, dass am anderen Ende Leitung jemand sitzt, der geduldig nachfragt.<\/p>\n","protected":false},"excerpt":{"rendered":"<p>Um in Notf\u00e4llen angemessen reagieren zu k\u00f6nnen, absolvieren die Sch\u00fclerinnen und Sch\u00fcler der Berufspraxisstufen alle zwei Jahre einen zweit\u00e4gigen Erste-Hilfe-Kurs. Am 16. und 17. Januar war es wieder soweit. Herr Hornfeck vom Malteser-Hilfsdienst \u00fcbte mit den jungen Erwachsenen das Absetzen eines Notrufs, das Anlegen von Druckverb\u00e4nden, die stabile Seitenlage und vieles mehr. Den Sch\u00fclerinnen und &hellip; <a href=\"https:\/\/www.schulezumroemerturm.de\/index.php\/2019\/01\/25\/erste-hilfe-kurs-in-den-berufspraxisstufen\/\" class=\"more-link\"><span class=\"screen-reader-text\">Erste-Hilfe-Kurs in den Berufspraxisstufen<\/span> weiterlesen <span class=\"meta-nav\">&rarr;<\/span><\/a><\/p>\n","protected":false},"author":2,"featured_media":0,"comment_status":"closed","ping_status":"closed","sticky":false,"template":"","format":"standard","meta":{"footnotes":""},"categories":[1],"tags":[],"class_list":["post-2663","post","type-post","status-publish","format-standard","hentry","category-allgemein"],"_links":{"self":[{"href":"https:\/\/www.schulezumroemerturm.de\/index.php\/wp-json\/wp\/v2\/posts\/2663","targetHints":{"allow":["GET"]}}],"collection":[{"href":"https:\/\/www.schulezumroemerturm.de\/index.php\/wp-json\/wp\/v2\/posts"}],"about":[{"href":"https:\/\/www.schulezumroemerturm.de\/index.php\/wp-json\/wp\/v2\/types\/post"}],"author":[{"embeddable":true,"href":"https:\/\/www.schulezumroemerturm.de\/index.php\/wp-json\/wp\/v2\/users\/2"}],"replies":[{"embeddable":true,"href":"https:\/\/www.schulezumroemerturm.de\/index.php\/wp-json\/wp\/v2\/comments?post=2663"}],"version-history":[{"count":4,"href":"https:\/\/www.schulezumroemerturm.de\/index.php\/wp-json\/wp\/v2\/posts\/2663\/revisions"}],"predecessor-version":[{"id":2670,"href":"https:\/\/www.schulezumroemerturm.de\/index.php\/wp-json\/wp\/v2\/posts\/2663\/revisions\/2670"}],"wp:attachment":[{"href":"https:\/\/www.schulezumroemerturm.de\/index.php\/wp-json\/wp\/v2\/media?parent=2663"}],"wp:term":[{"taxonomy":"category","embeddable":true,"href":"https:\/\/www.schulezumroemerturm.de\/index.php\/wp-json\/wp\/v2\/categories?post=2663"},{"taxonomy":"post_tag","embeddable":true,"href":"https:\/\/www.schulezumroemerturm.de\/index.php\/wp-json\/wp\/v2\/tags?post=2663"}],"curies":[{"name":"wp","href":"https:\/\/api.w.org\/{rel}","templated":true}]}}