{"id":2698,"date":"2019-02-12T08:13:06","date_gmt":"2019-02-12T07:13:06","guid":{"rendered":"http:\/\/www.schulezumroemerturm.de\/?p=2698"},"modified":"2019-02-12T08:13:06","modified_gmt":"2019-02-12T07:13:06","slug":"aus-den-unterstufen-wir-singen-und-tanzen","status":"publish","type":"post","link":"https:\/\/www.schulezumroemerturm.de\/index.php\/2019\/02\/12\/aus-den-unterstufen-wir-singen-und-tanzen\/","title":{"rendered":"Aus den Unterstufen: &#8222;Wir singen und tanzen!&#8220;"},"content":{"rendered":"<p>Immer Donnerstag nachmittags hei\u00dft es aufgepasst: \u201eWir singen!\u201c Je drei Unterstufenklasssen treffen sich gemeinsam mit einer Kindergartengruppe des benachbarten Kindergartens Pusteblume. Im \u201eSingkreis\u201c wird gesungen, geklatscht, getanzt und was uns sonst noch so alles einf\u00e4llt. Alte und neue Kinderlieder werden mit Geb\u00e4rden gesungen, Bewegungsspiele ausprobiert und jahreszeitliche Anl\u00e4sse musikalisch umgesetzt. F\u00fcr Jeden ist hier etwas dabei und Freunde aus anderen Klassen k\u00f6nnen hier auch gemeinsam Spa\u00df haben&#8230;<\/p>\n<p><img loading=\"lazy\" decoding=\"async\" class=\" wp-image-2687 aligncenter\" src=\"http:\/\/www.schulezumroemerturm.de\/wp-content\/uploads\/2019\/02\/Sinkreis1-300x225.jpg\" alt=\"\" width=\"256\" height=\"192\" srcset=\"https:\/\/www.schulezumroemerturm.de\/wp-content\/uploads\/2019\/02\/Sinkreis1-300x225.jpg 300w, https:\/\/www.schulezumroemerturm.de\/wp-content\/uploads\/2019\/02\/Sinkreis1-1024x768.jpg 1024w\" sizes=\"auto, (max-width: 256px) 100vw, 256px\" \/><\/p>\n","protected":false},"excerpt":{"rendered":"<p>Immer Donnerstag nachmittags hei\u00dft es aufgepasst: \u201eWir singen!\u201c Je drei Unterstufenklasssen treffen sich gemeinsam mit einer Kindergartengruppe des benachbarten Kindergartens Pusteblume. Im \u201eSingkreis\u201c wird gesungen, geklatscht, getanzt und was uns sonst noch so alles einf\u00e4llt. Alte und neue Kinderlieder werden mit Geb\u00e4rden gesungen, Bewegungsspiele ausprobiert und jahreszeitliche Anl\u00e4sse musikalisch umgesetzt. F\u00fcr Jeden ist hier etwas &hellip; <a href=\"https:\/\/www.schulezumroemerturm.de\/index.php\/2019\/02\/12\/aus-den-unterstufen-wir-singen-und-tanzen\/\" class=\"more-link\"><span class=\"screen-reader-text\">Aus den Unterstufen: &#8222;Wir singen und tanzen!&#8220;<\/span> weiterlesen <span class=\"meta-nav\">&rarr;<\/span><\/a><\/p>\n","protected":false},"author":2,"featured_media":0,"comment_status":"closed","ping_status":"closed","sticky":false,"template":"","format":"standard","meta":{"footnotes":""},"categories":[1],"tags":[],"class_list":["post-2698","post","type-post","status-publish","format-standard","hentry","category-allgemein"],"_links":{"self":[{"href":"https:\/\/www.schulezumroemerturm.de\/index.php\/wp-json\/wp\/v2\/posts\/2698","targetHints":{"allow":["GET"]}}],"collection":[{"href":"https:\/\/www.schulezumroemerturm.de\/index.php\/wp-json\/wp\/v2\/posts"}],"about":[{"href":"https:\/\/www.schulezumroemerturm.de\/index.php\/wp-json\/wp\/v2\/types\/post"}],"author":[{"embeddable":true,"href":"https:\/\/www.schulezumroemerturm.de\/index.php\/wp-json\/wp\/v2\/users\/2"}],"replies":[{"embeddable":true,"href":"https:\/\/www.schulezumroemerturm.de\/index.php\/wp-json\/wp\/v2\/comments?post=2698"}],"version-history":[{"count":13,"href":"https:\/\/www.schulezumroemerturm.de\/index.php\/wp-json\/wp\/v2\/posts\/2698\/revisions"}],"predecessor-version":[{"id":2711,"href":"https:\/\/www.schulezumroemerturm.de\/index.php\/wp-json\/wp\/v2\/posts\/2698\/revisions\/2711"}],"wp:attachment":[{"href":"https:\/\/www.schulezumroemerturm.de\/index.php\/wp-json\/wp\/v2\/media?parent=2698"}],"wp:term":[{"taxonomy":"category","embeddable":true,"href":"https:\/\/www.schulezumroemerturm.de\/index.php\/wp-json\/wp\/v2\/categories?post=2698"},{"taxonomy":"post_tag","embeddable":true,"href":"https:\/\/www.schulezumroemerturm.de\/index.php\/wp-json\/wp\/v2\/tags?post=2698"}],"curies":[{"name":"wp","href":"https:\/\/api.w.org\/{rel}","templated":true}]}}