{"id":3538,"date":"2020-02-17T16:04:49","date_gmt":"2020-02-17T15:04:49","guid":{"rendered":"http:\/\/www.schulezumroemerturm.de\/?p=3538"},"modified":"2020-02-17T16:04:49","modified_gmt":"2020-02-17T15:04:49","slug":"unterstufen-im-haus-mueller-alaaf","status":"publish","type":"post","link":"https:\/\/www.schulezumroemerturm.de\/index.php\/2020\/02\/17\/unterstufen-im-haus-mueller-alaaf\/","title":{"rendered":"Unterstufen im Haus M\u00fcller-alaaf"},"content":{"rendered":"<p><img loading=\"lazy\" decoding=\"async\" class=\"wp-image-3540 aligncenter\" src=\"http:\/\/www.schulezumroemerturm.de\/wp-content\/uploads\/2020\/02\/Karenevall-Thorr1-300x225.jpg\" alt=\"\" width=\"495\" height=\"371\" srcset=\"https:\/\/www.schulezumroemerturm.de\/wp-content\/uploads\/2020\/02\/Karenevall-Thorr1-300x225.jpg 300w, https:\/\/www.schulezumroemerturm.de\/wp-content\/uploads\/2020\/02\/Karenevall-Thorr1.jpg 585w\" sizes=\"auto, (max-width: 495px) 100vw, 495px\" \/>Am 16. Februar war es endlich soweit: Die Tanzgruppe der Unterstufen hatte ihren gro\u00dfen Auftritt mit einem Piratentanz auf der Kinderkarnevalssitzung im Haus M\u00fcller. Nach wochenlangen Proben wollten alle unbedingt zeigen, was sie k\u00f6nnen. Vierzehn aufgeregte Kinder trafen sich schon am Vormittag in der U1, um sich zu kost\u00fcmieren und zu schminken, nat\u00fcrlich durfte auch ein Mittagessen und die Generalprobe nicht fehlen.<\/p>\n<p>Am Ende stand eine komplette Piratenmannschaft zum Tanzen<img loading=\"lazy\" decoding=\"async\" class=\" wp-image-3541 alignright\" src=\"http:\/\/www.schulezumroemerturm.de\/wp-content\/uploads\/2020\/02\/Karneval-Thorr-2-225x300.jpg\" alt=\"\" width=\"154\" height=\"205\" srcset=\"https:\/\/www.schulezumroemerturm.de\/wp-content\/uploads\/2020\/02\/Karneval-Thorr-2-225x300.jpg 225w, https:\/\/www.schulezumroemerturm.de\/wp-content\/uploads\/2020\/02\/Karneval-Thorr-2.jpg 567w\" sizes=\"auto, (max-width: 154px) 100vw, 154px\" \/> bereit. Gemeinsam zogen wir zum Haus M\u00fcller. Schon auf dem Weg sangen alle den Piratensong und freuten sich auf ihren Auftritt.<\/p>\n<p>Nachdem der Clown Olli und der Kindergarten mit ihren Darbietungen fertig waren, st\u00fcrmten die Kinder vom R\u00f6merturm mit Piratenflaggen, Fernrohren und gro\u00dfer Begeisterung die B\u00fchne. Die Zuschauer bekamen einen fantastischen Auftritt zu sehen, der am Ende mit einem Riesenapplaus belohnt wurde. Den haben \u00fcbrigens auch die Eltern und Gro\u00dfeltern verdient, die uns super unterst\u00fctzt haben. Ein gro\u00dfes Dankesch\u00f6n an alle tollen Helfer! Von M. Walgenbach<\/p>\n","protected":false},"excerpt":{"rendered":"<p>Am 16. Februar war es endlich soweit: Die Tanzgruppe der Unterstufen hatte ihren gro\u00dfen Auftritt mit einem Piratentanz auf der Kinderkarnevalssitzung im Haus M\u00fcller. Nach wochenlangen Proben wollten alle unbedingt zeigen, was sie k\u00f6nnen. Vierzehn aufgeregte Kinder trafen sich schon am Vormittag in der U1, um sich zu kost\u00fcmieren und zu schminken, nat\u00fcrlich durfte auch &hellip; <a href=\"https:\/\/www.schulezumroemerturm.de\/index.php\/2020\/02\/17\/unterstufen-im-haus-mueller-alaaf\/\" class=\"more-link\"><span class=\"screen-reader-text\">Unterstufen im Haus M\u00fcller-alaaf<\/span> weiterlesen <span class=\"meta-nav\">&rarr;<\/span><\/a><\/p>\n","protected":false},"author":2,"featured_media":0,"comment_status":"closed","ping_status":"closed","sticky":false,"template":"","format":"standard","meta":{"footnotes":""},"categories":[1],"tags":[],"class_list":["post-3538","post","type-post","status-publish","format-standard","hentry","category-allgemein"],"_links":{"self":[{"href":"https:\/\/www.schulezumroemerturm.de\/index.php\/wp-json\/wp\/v2\/posts\/3538","targetHints":{"allow":["GET"]}}],"collection":[{"href":"https:\/\/www.schulezumroemerturm.de\/index.php\/wp-json\/wp\/v2\/posts"}],"about":[{"href":"https:\/\/www.schulezumroemerturm.de\/index.php\/wp-json\/wp\/v2\/types\/post"}],"author":[{"embeddable":true,"href":"https:\/\/www.schulezumroemerturm.de\/index.php\/wp-json\/wp\/v2\/users\/2"}],"replies":[{"embeddable":true,"href":"https:\/\/www.schulezumroemerturm.de\/index.php\/wp-json\/wp\/v2\/comments?post=3538"}],"version-history":[{"count":8,"href":"https:\/\/www.schulezumroemerturm.de\/index.php\/wp-json\/wp\/v2\/posts\/3538\/revisions"}],"predecessor-version":[{"id":4199,"href":"https:\/\/www.schulezumroemerturm.de\/index.php\/wp-json\/wp\/v2\/posts\/3538\/revisions\/4199"}],"wp:attachment":[{"href":"https:\/\/www.schulezumroemerturm.de\/index.php\/wp-json\/wp\/v2\/media?parent=3538"}],"wp:term":[{"taxonomy":"category","embeddable":true,"href":"https:\/\/www.schulezumroemerturm.de\/index.php\/wp-json\/wp\/v2\/categories?post=3538"},{"taxonomy":"post_tag","embeddable":true,"href":"https:\/\/www.schulezumroemerturm.de\/index.php\/wp-json\/wp\/v2\/tags?post=3538"}],"curies":[{"name":"wp","href":"https:\/\/api.w.org\/{rel}","templated":true}]}}