{"id":3800,"date":"2020-03-31T09:35:48","date_gmt":"2020-03-31T07:35:48","guid":{"rendered":"http:\/\/www.schulezumroemerturm.de\/?p=3800"},"modified":"2020-04-03T12:15:24","modified_gmt":"2020-04-03T10:15:24","slug":"die-huehner-sind-los","status":"publish","type":"post","link":"https:\/\/www.schulezumroemerturm.de\/index.php\/2020\/03\/31\/die-huehner-sind-los\/","title":{"rendered":"Die H\u00fchner sind los! (zum Anh\u00f6ren)"},"content":{"rendered":"<audio class=\"wp-audio-shortcode\" id=\"audio-3800-1\" preload=\"none\" style=\"width: 100%;\" controls=\"controls\"><source type=\"audio\/mpeg\" src=\"http:\/\/www.schulezumroemerturm.de\/wp-content\/uploads\/2020\/04\/Neue-Aufnahme-15.m4a?_=1\" \/><a href=\"http:\/\/www.schulezumroemerturm.de\/wp-content\/uploads\/2020\/04\/Neue-Aufnahme-15.m4a\">http:\/\/www.schulezumroemerturm.de\/wp-content\/uploads\/2020\/04\/Neue-Aufnahme-15.m4a<\/a><\/audio>\n<p>Liebe Sch\u00fclerinnen und Sch\u00fcler,<\/p>\n<p>erst einmal wie geht es euch? Wir, eure Lehrerinnen und Lehrer, hoffen, es geht euch gut!<\/p>\n<p>Wahrscheinlich waren einige von euch erst ein bisschen froh,<\/p>\n<p>als wir die Schule wegen des Virus schlie\u00dfen mussten.<\/p>\n<p>Das ist ja erst mal wie Ferien.<\/p>\n<p>Aber trotzdem ist es anders, f\u00fcr uns Lehrerinnen und Lehrer jedenfalls \ud83d\ude09<\/p>\n<p>Wir w\u00fcrden euch viel lieber in der Schule treffen.<\/p>\n<p>Wir w\u00fcrden gerne mit euch Unterricht haben, mit euch sprechen und lachen k\u00f6nnen.<\/p>\n<p>Jetzt k\u00f6nnen wir das zurzeit nur durch Telefonieren oder dadurch, dass wir uns schreiben.<\/p>\n<p>Wir jedenfalls vermissen euch.<\/p>\n<p>Wir freuen uns sehr darauf, euch endlich wiedersehen zu k\u00f6nnen!<\/p>\n<audio class=\"wp-audio-shortcode\" id=\"audio-3800-2\" preload=\"none\" style=\"width: 100%;\" controls=\"controls\"><source type=\"audio\/mpeg\" src=\"http:\/\/www.schulezumroemerturm.de\/wp-content\/uploads\/2020\/04\/Neue-Aufnahme-14.m4a?_=2\" \/><a href=\"http:\/\/www.schulezumroemerturm.de\/wp-content\/uploads\/2020\/04\/Neue-Aufnahme-14.m4a\">http:\/\/www.schulezumroemerturm.de\/wp-content\/uploads\/2020\/04\/Neue-Aufnahme-14.m4a<\/a><\/audio>\n<p>Trotzdem ist in der Schule viel passiert und von einer Sache muss ich euch unbedingt erz\u00e4hlen:<\/p>\n<p>Heute waren die H\u00fchner los!<\/p>\n<p>Frau Papen und Frau Volk haben es zuerst bemerkt:<\/p>\n<p><img loading=\"lazy\" decoding=\"async\" class=\"size-medium wp-image-3807 alignleft\" src=\"http:\/\/www.schulezumroemerturm.de\/wp-content\/uploads\/2020\/03\/IMG_9472-300x200.jpeg\" alt=\"\" width=\"300\" height=\"200\" srcset=\"https:\/\/www.schulezumroemerturm.de\/wp-content\/uploads\/2020\/03\/IMG_9472-300x200.jpeg 300w, https:\/\/www.schulezumroemerturm.de\/wp-content\/uploads\/2020\/03\/IMG_9472-1024x683.jpeg 1024w, https:\/\/www.schulezumroemerturm.de\/wp-content\/uploads\/2020\/03\/IMG_9472-1536x1024.jpeg 1536w, https:\/\/www.schulezumroemerturm.de\/wp-content\/uploads\/2020\/03\/IMG_9472.jpeg 2016w\" sizes=\"auto, (max-width: 300px) 100vw, 300px\" \/>Jemand hat den H\u00fchnerstall aufgemacht!<\/p>\n<p>Das war richtig doof.<\/p>\n<p>Anna und Elsa sind n\u00e4mlich weggelaufen.<\/p>\n<p>Erst unter die Hecke zum Friedhof hin.<\/p>\n<p>Das war gef\u00e4hrlich. Die Stra\u00dfe ist ja auch nicht weit.<\/p>\n<p>Frau Kraska, Herr Tomaschewski und ich sind dazu gekommen.<\/p>\n<p>Aber die H\u00fchner waren nicht mehr zu sehen.<\/p>\n<p>Ich habe Herrn K\u00f6nigs angerufen: &#8222;Du musst kommen, Anna und Elsa sind weg&#8220;<\/p>\n<p>Herr K\u00f6nigs ist sofort gekommen, mit einem gro\u00dfen Kescher.<\/p>\n<p>Ich bin auf den Friedhof gegangen.<\/p>\n<p>Da waren die H\u00fchner! Ich habe Herrn K\u00f6nigs gerufen.<\/p>\n<p>Er hat Elsa, das braune Huhn, mit dem gro\u00dfen Kescher gefangen.<\/p>\n<p>Frau Papen hat es in einer Kiste wieder in den Stall getragen.<\/p>\n<p>Aber Anna war schlau und ihr glaubt gar nicht, wie klein ein Huhn sich machen kann.<\/p>\n<p>Sie hat sich unter den Zaun gequetscht und ist zur Nachbarin in den Garten spaziert.<\/p>\n<p>Zum Gl\u00fcck war die Nachbarin nett. Sie hat uns in ihren Garten gelassen.<\/p>\n<p>Sie hat gesagt: &#8222;Passt auf, im n\u00e4chsten Garten ist ein Hund!<\/p>\n<p>Oh je, blo\u00df das nicht&#8230;<\/p>\n<p>Herr K\u00f6nigs hat mir erkl\u00e4rt, dass H\u00fchner auch richtig hoch springen k\u00f6nnen.<\/p>\n<p>Vorsichtig haben wir Anna zur\u00fcck auf den Friedhof gescheucht.<\/p>\n<p><img loading=\"lazy\" decoding=\"async\" class=\"size-medium wp-image-3802 alignright\" src=\"http:\/\/www.schulezumroemerturm.de\/wp-content\/uploads\/2020\/03\/IMG_9438-300x200.jpeg\" alt=\"\" width=\"300\" height=\"200\" srcset=\"https:\/\/www.schulezumroemerturm.de\/wp-content\/uploads\/2020\/03\/IMG_9438-300x200.jpeg 300w, https:\/\/www.schulezumroemerturm.de\/wp-content\/uploads\/2020\/03\/IMG_9438-1024x682.jpeg 1024w, https:\/\/www.schulezumroemerturm.de\/wp-content\/uploads\/2020\/03\/IMG_9438-1536x1024.jpeg 1536w, https:\/\/www.schulezumroemerturm.de\/wp-content\/uploads\/2020\/03\/IMG_9438.jpeg 1991w\" sizes=\"auto, (max-width: 300px) 100vw, 300px\" \/>Anna dort mit dem Kescher zu fangen, ging nicht. Sie war zu schlau.<\/p>\n<p>Herr Tomaschewski hat Anna geschickt zur\u00fcck auf den Schulhof gescheucht.<\/p>\n<p><img loading=\"lazy\" decoding=\"async\" class=\"size-medium wp-image-3803 alignleft\" src=\"http:\/\/www.schulezumroemerturm.de\/wp-content\/uploads\/2020\/03\/IMG_9447-300x225.jpeg\" alt=\"\" width=\"300\" height=\"225\" srcset=\"https:\/\/www.schulezumroemerturm.de\/wp-content\/uploads\/2020\/03\/IMG_9447-300x225.jpeg 300w, https:\/\/www.schulezumroemerturm.de\/wp-content\/uploads\/2020\/03\/IMG_9447-1024x768.jpeg 1024w, https:\/\/www.schulezumroemerturm.de\/wp-content\/uploads\/2020\/03\/IMG_9447-1536x1152.jpeg 1536w, https:\/\/www.schulezumroemerturm.de\/wp-content\/uploads\/2020\/03\/IMG_9447.jpeg 2016w\" sizes=\"auto, (max-width: 300px) 100vw, 300px\" \/>Herr K\u00f6nigs hat versucht, Anna mit Futter in das Gehege zu locken.<\/p>\n<p>Alleine hat er das nicht\u00a0geschafft.<\/p>\n<p>Erst zu zweit, mit Frau Papen, hat das geklappt.<\/p>\n<p><img loading=\"lazy\" decoding=\"async\" class=\"size-medium wp-image-3804 alignright\" src=\"http:\/\/www.schulezumroemerturm.de\/wp-content\/uploads\/2020\/03\/IMG_9458-300x225.jpeg\" alt=\"\" width=\"300\" height=\"225\" srcset=\"https:\/\/www.schulezumroemerturm.de\/wp-content\/uploads\/2020\/03\/IMG_9458-300x225.jpeg 300w, https:\/\/www.schulezumroemerturm.de\/wp-content\/uploads\/2020\/03\/IMG_9458-1024x768.jpeg 1024w, https:\/\/www.schulezumroemerturm.de\/wp-content\/uploads\/2020\/03\/IMG_9458-1536x1152.jpeg 1536w, https:\/\/www.schulezumroemerturm.de\/wp-content\/uploads\/2020\/03\/IMG_9458.jpeg 2016w\" sizes=\"auto, (max-width: 300px) 100vw, 300px\" \/>Jetzt sind Elsa und Anna wieder da und Herr K\u00f6nigs hat ein Schloss auf den Riegel gemacht.<\/p>\n<p>Wir haben uns sehr gefreut, dass Anna und Elsa wieder da sind.<\/p>\n<p>Das war f\u00fcr Anna und Elsa ein spannendes Abenteuer und f\u00fcr uns gro\u00dfes Gl\u00fcck \ud83d\ude42<\/p>\n<p>Und wisst ihr was? Ihr k\u00f6nnt euch \u00fcber noch etwas freuen:<\/p>\n<p>Anna und Elsa haben einen neuen Stall.<\/p>\n<p><img loading=\"lazy\" decoding=\"async\" class=\"size-medium wp-image-3805 alignleft\" src=\"http:\/\/www.schulezumroemerturm.de\/wp-content\/uploads\/2020\/03\/IMG_9465-300x200.jpeg\" alt=\"\" width=\"300\" height=\"200\" srcset=\"https:\/\/www.schulezumroemerturm.de\/wp-content\/uploads\/2020\/03\/IMG_9465-300x200.jpeg 300w, https:\/\/www.schulezumroemerturm.de\/wp-content\/uploads\/2020\/03\/IMG_9465-1024x683.jpeg 1024w, https:\/\/www.schulezumroemerturm.de\/wp-content\/uploads\/2020\/03\/IMG_9465-1536x1024.jpeg 1536w, https:\/\/www.schulezumroemerturm.de\/wp-content\/uploads\/2020\/03\/IMG_9465.jpeg 1645w\" sizes=\"auto, (max-width: 300px) 100vw, 300px\" \/>Den haben Herr Meisters und Herr K\u00f6nigs gebaut. Danke daf\u00fcr!<\/p>\n<p>Ihr k\u00f6nnt jetzt durch eine Scheibe\u00a0\u00a0in den Stall schauen und Anna und Elsa noch besser beobachten.<\/p>\n<p>Bis dahin passt bitte gut auf euch auf und bleibt gesund!<\/p>\n<p>Bis hoffentlich ganz bald!<\/p>\n<p>Ganz liebe Gr\u00fc\u00dfe von uns allen hier<\/p>\n<p>eure<\/p>\n<p>Frau Christoffels<\/p>\n","protected":false},"excerpt":{"rendered":"<p>Liebe Sch\u00fclerinnen und Sch\u00fcler, erst einmal wie geht es euch? Wir, eure Lehrerinnen und Lehrer, hoffen, es geht euch gut! Wahrscheinlich waren einige von euch erst ein bisschen froh, als wir die Schule wegen des Virus schlie\u00dfen mussten. Das ist ja erst mal wie Ferien. Aber trotzdem ist es anders, f\u00fcr uns Lehrerinnen und Lehrer &hellip; <a href=\"https:\/\/www.schulezumroemerturm.de\/index.php\/2020\/03\/31\/die-huehner-sind-los\/\" class=\"more-link\"><span class=\"screen-reader-text\">Die H\u00fchner sind los! (zum Anh\u00f6ren)<\/span> weiterlesen <span class=\"meta-nav\">&rarr;<\/span><\/a><\/p>\n","protected":false},"author":2,"featured_media":0,"comment_status":"closed","ping_status":"closed","sticky":false,"template":"","format":"standard","meta":{"footnotes":""},"categories":[1],"tags":[],"class_list":["post-3800","post","type-post","status-publish","format-standard","hentry","category-allgemein"],"_links":{"self":[{"href":"https:\/\/www.schulezumroemerturm.de\/index.php\/wp-json\/wp\/v2\/posts\/3800","targetHints":{"allow":["GET"]}}],"collection":[{"href":"https:\/\/www.schulezumroemerturm.de\/index.php\/wp-json\/wp\/v2\/posts"}],"about":[{"href":"https:\/\/www.schulezumroemerturm.de\/index.php\/wp-json\/wp\/v2\/types\/post"}],"author":[{"embeddable":true,"href":"https:\/\/www.schulezumroemerturm.de\/index.php\/wp-json\/wp\/v2\/users\/2"}],"replies":[{"embeddable":true,"href":"https:\/\/www.schulezumroemerturm.de\/index.php\/wp-json\/wp\/v2\/comments?post=3800"}],"version-history":[{"count":7,"href":"https:\/\/www.schulezumroemerturm.de\/index.php\/wp-json\/wp\/v2\/posts\/3800\/revisions"}],"predecessor-version":[{"id":3856,"href":"https:\/\/www.schulezumroemerturm.de\/index.php\/wp-json\/wp\/v2\/posts\/3800\/revisions\/3856"}],"wp:attachment":[{"href":"https:\/\/www.schulezumroemerturm.de\/index.php\/wp-json\/wp\/v2\/media?parent=3800"}],"wp:term":[{"taxonomy":"category","embeddable":true,"href":"https:\/\/www.schulezumroemerturm.de\/index.php\/wp-json\/wp\/v2\/categories?post=3800"},{"taxonomy":"post_tag","embeddable":true,"href":"https:\/\/www.schulezumroemerturm.de\/index.php\/wp-json\/wp\/v2\/tags?post=3800"}],"curies":[{"name":"wp","href":"https:\/\/api.w.org\/{rel}","templated":true}]}}