{"id":4272,"date":"2020-10-08T19:00:35","date_gmt":"2020-10-08T17:00:35","guid":{"rendered":"http:\/\/www.schulezumroemerturm.de\/?p=4272"},"modified":"2020-10-10T19:01:46","modified_gmt":"2020-10-10T17:01:46","slug":"berufspraxisstufen-informieren-sich-ueber-gesetzliche-betreuung","status":"publish","type":"post","link":"https:\/\/www.schulezumroemerturm.de\/index.php\/2020\/10\/08\/berufspraxisstufen-informieren-sich-ueber-gesetzliche-betreuung\/","title":{"rendered":"Berufspraxisstufen informieren sich \u00fcber gesetzliche Betreuung"},"content":{"rendered":"<p style=\"text-align: justify;\"><img loading=\"lazy\" decoding=\"async\" class=\"size-medium wp-image-4275 alignleft\" src=\"http:\/\/www.schulezumroemerturm.de\/wp-content\/uploads\/2020\/10\/IMG_9945-300x225.jpeg\" alt=\"\" width=\"300\" height=\"225\" srcset=\"https:\/\/www.schulezumroemerturm.de\/wp-content\/uploads\/2020\/10\/IMG_9945-300x225.jpeg 300w, https:\/\/www.schulezumroemerturm.de\/wp-content\/uploads\/2020\/10\/IMG_9945-1024x768.jpeg 1024w, https:\/\/www.schulezumroemerturm.de\/wp-content\/uploads\/2020\/10\/IMG_9945-1536x1152.jpeg 1536w, https:\/\/www.schulezumroemerturm.de\/wp-content\/uploads\/2020\/10\/IMG_9945-2048x1536.jpeg 2048w\" sizes=\"auto, (max-width: 300px) 100vw, 300px\" \/>Kurz vor dem Beginn der Herbstferien informierten sich die Sch\u00fclerinnen und Sch\u00fcler der Berufspraxisstufen \u00fcber das wichtige Thema der gesetzlichen Betreuung. Eine Berufsbetreuerin erz\u00e4hlte aus ihrem beruflichen Alltag als gesetzliche Betreuerin. Die jungen Erwachsenen stellten ihre vorher formulierten Fragen wie &#8222;Kann mir der gesetzliche Betreuer helfen, eine Wohnung zu finden?&#8220; oder &#8222;Darf mir die gesetzliche Betreuerin bestimmte Dinge verbieten?&#8220; Nach der Veranstaltung war allen Teilnehmenden klar, wie wichtig es ist, einen gesetzlichen Betreuer zu haben und dass diese Aufgabe auch von den eigenen Eltern \u00fcbernommen werden kann. Wichtig ist, dass man sich fr\u00fch genug darum k\u00fcmmert.<\/p>\n","protected":false},"excerpt":{"rendered":"<p>Kurz vor dem Beginn der Herbstferien informierten sich die Sch\u00fclerinnen und Sch\u00fcler der Berufspraxisstufen \u00fcber das wichtige Thema der gesetzlichen Betreuung. Eine Berufsbetreuerin erz\u00e4hlte aus ihrem beruflichen Alltag als gesetzliche Betreuerin. Die jungen Erwachsenen stellten ihre vorher formulierten Fragen wie &#8222;Kann mir der gesetzliche Betreuer helfen, eine Wohnung zu finden?&#8220; oder &#8222;Darf mir die gesetzliche &hellip; <a href=\"https:\/\/www.schulezumroemerturm.de\/index.php\/2020\/10\/08\/berufspraxisstufen-informieren-sich-ueber-gesetzliche-betreuung\/\" class=\"more-link\"><span class=\"screen-reader-text\">Berufspraxisstufen informieren sich \u00fcber gesetzliche Betreuung<\/span> weiterlesen <span class=\"meta-nav\">&rarr;<\/span><\/a><\/p>\n","protected":false},"author":2,"featured_media":0,"comment_status":"closed","ping_status":"closed","sticky":false,"template":"","format":"standard","meta":{"footnotes":""},"categories":[1],"tags":[],"class_list":["post-4272","post","type-post","status-publish","format-standard","hentry","category-allgemein"],"_links":{"self":[{"href":"https:\/\/www.schulezumroemerturm.de\/index.php\/wp-json\/wp\/v2\/posts\/4272","targetHints":{"allow":["GET"]}}],"collection":[{"href":"https:\/\/www.schulezumroemerturm.de\/index.php\/wp-json\/wp\/v2\/posts"}],"about":[{"href":"https:\/\/www.schulezumroemerturm.de\/index.php\/wp-json\/wp\/v2\/types\/post"}],"author":[{"embeddable":true,"href":"https:\/\/www.schulezumroemerturm.de\/index.php\/wp-json\/wp\/v2\/users\/2"}],"replies":[{"embeddable":true,"href":"https:\/\/www.schulezumroemerturm.de\/index.php\/wp-json\/wp\/v2\/comments?post=4272"}],"version-history":[{"count":2,"href":"https:\/\/www.schulezumroemerturm.de\/index.php\/wp-json\/wp\/v2\/posts\/4272\/revisions"}],"predecessor-version":[{"id":4279,"href":"https:\/\/www.schulezumroemerturm.de\/index.php\/wp-json\/wp\/v2\/posts\/4272\/revisions\/4279"}],"wp:attachment":[{"href":"https:\/\/www.schulezumroemerturm.de\/index.php\/wp-json\/wp\/v2\/media?parent=4272"}],"wp:term":[{"taxonomy":"category","embeddable":true,"href":"https:\/\/www.schulezumroemerturm.de\/index.php\/wp-json\/wp\/v2\/categories?post=4272"},{"taxonomy":"post_tag","embeddable":true,"href":"https:\/\/www.schulezumroemerturm.de\/index.php\/wp-json\/wp\/v2\/tags?post=4272"}],"curies":[{"name":"wp","href":"https:\/\/api.w.org\/{rel}","templated":true}]}}