{"id":4682,"date":"2021-03-11T20:29:46","date_gmt":"2021-03-11T19:29:46","guid":{"rendered":"http:\/\/www.schulezumroemerturm.de\/?p=4682"},"modified":"2021-03-11T20:29:46","modified_gmt":"2021-03-11T19:29:46","slug":"aktuelle-informationen-stand-11-03-2021","status":"publish","type":"post","link":"https:\/\/www.schulezumroemerturm.de\/index.php\/2021\/03\/11\/aktuelle-informationen-stand-11-03-2021\/","title":{"rendered":"Aktuelle Informationen (Stand 11.03.2021)"},"content":{"rendered":"<p>Liebe Eltern,<br \/>\nliebe Erziehungsberechtigte,<\/p>\n<p>hier kommen die angek\u00fcndigten neuen Informationen f\u00fcr Sie.<br \/>\nAuch nach R\u00fccksprache mit den Mitgliedern der Schulkonferenz setzen wir <strong>ab Montag, den 15.03.,<\/strong> entsprechend der neuen Verordnungen des Ministeriums f\u00fcr Schule und Bildung sowie der Coronaschutzverordnung NRW folgendes Konzept um:<\/p>\n<p>Bei den Klassen der Primarstufe (Unterstufenklassen) bleibt es bei der bereits gewohnten Regelung des Wechselunterrichts in A- und B-Gruppen.<\/p>\n<p>Die Klassen der Sekundarstufe I und II, (Mittel-, Ober- und Berufspraxisstufenklassen), werden jetzt ebenfalls wie in der Primarstufe je Klasse in zwei Lerngruppen (A- und B-Gruppe) aufgeteilt.<br \/>\nGruppe A besucht montags und dienstags sowie an jedem zweiten Freitag (gerade Kalenderwochen) die Schule zu den gewohnten Zeiten und erh\u00e4lt an diesen Tagen Pr\u00e4senzunterricht.<br \/>\nGruppe B besucht mittwochs und donnerstags sowie an jedem zweiten Freitag (ungerade Kalenderwochen) die Schule zu den gewohnten Zeiten und erh\u00e4lt an diesen Tagen Pr\u00e4senzunterricht.<\/p>\n<p>An den \u00fcbrigen Tagen erhalten die Sch\u00fcler\/innen Unterricht auf Distanz.<\/p>\n<p>Die Lehrpersonen Ihres Kindes setzen sich mit Ihnen in Verbindung und besprechen die konkrete Situation f\u00fcr Ihr Kind mit Ihnen.<br \/>\nBitte beachten Sie: Ihre Tochter\/Ihr Sohn muss in der Schule entweder eine medizinische Maske oder FFP2-Maske tragen.<br \/>\nAusnahme: Sch\u00fcler\/innen, die eine Maskenbefreiung haben. Wir bitten Sie aber sehr, nicht extra eine Maskenbefreiung zu erwirken. Viele unserer Sch\u00fcler\/innen schaffen es vielleicht nicht den ganzen Tag eine Maske zu tragen, aber sie tragen die Maske wenigstens \u00fcber eine Zeitlang und das ist auch schon viel wert.<br \/>\nTr\u00e4gt Ihr Kind eine FFP2-Maske, muss es nach einer gewissen Zeit eine Pause davon machen. Bitte geben Sie ihm deshalb in diesem Fall eine medizinische Ersatzmaske mit.<\/p>\n<p>Zum Sch\u00fclerspezialverkehr:<br \/>\nDie Busfahrer\/innen werden Ihnen die Fahrzeiten mitteilen.<\/p>\n<p>Viele Gr\u00fc\u00dfe aus der Schule und bleiben Sie alle gesund!<\/p>\n<p>Monika Christoffels<br \/>\nSchulleiterin<\/p>\n","protected":false},"excerpt":{"rendered":"<p>Liebe Eltern, liebe Erziehungsberechtigte, hier kommen die angek\u00fcndigten neuen Informationen f\u00fcr Sie. Auch nach R\u00fccksprache mit den Mitgliedern der Schulkonferenz setzen wir ab Montag, den 15.03., entsprechend der neuen Verordnungen des Ministeriums f\u00fcr Schule und Bildung sowie der Coronaschutzverordnung NRW folgendes Konzept um: Bei den Klassen der Primarstufe (Unterstufenklassen) bleibt es bei der bereits gewohnten &hellip; <a href=\"https:\/\/www.schulezumroemerturm.de\/index.php\/2021\/03\/11\/aktuelle-informationen-stand-11-03-2021\/\" class=\"more-link\"><span class=\"screen-reader-text\">Aktuelle Informationen (Stand 11.03.2021)<\/span> weiterlesen <span class=\"meta-nav\">&rarr;<\/span><\/a><\/p>\n","protected":false},"author":2,"featured_media":0,"comment_status":"closed","ping_status":"closed","sticky":false,"template":"","format":"standard","meta":{"footnotes":""},"categories":[1],"tags":[],"class_list":["post-4682","post","type-post","status-publish","format-standard","hentry","category-allgemein"],"_links":{"self":[{"href":"https:\/\/www.schulezumroemerturm.de\/index.php\/wp-json\/wp\/v2\/posts\/4682","targetHints":{"allow":["GET"]}}],"collection":[{"href":"https:\/\/www.schulezumroemerturm.de\/index.php\/wp-json\/wp\/v2\/posts"}],"about":[{"href":"https:\/\/www.schulezumroemerturm.de\/index.php\/wp-json\/wp\/v2\/types\/post"}],"author":[{"embeddable":true,"href":"https:\/\/www.schulezumroemerturm.de\/index.php\/wp-json\/wp\/v2\/users\/2"}],"replies":[{"embeddable":true,"href":"https:\/\/www.schulezumroemerturm.de\/index.php\/wp-json\/wp\/v2\/comments?post=4682"}],"version-history":[{"count":2,"href":"https:\/\/www.schulezumroemerturm.de\/index.php\/wp-json\/wp\/v2\/posts\/4682\/revisions"}],"predecessor-version":[{"id":4684,"href":"https:\/\/www.schulezumroemerturm.de\/index.php\/wp-json\/wp\/v2\/posts\/4682\/revisions\/4684"}],"wp:attachment":[{"href":"https:\/\/www.schulezumroemerturm.de\/index.php\/wp-json\/wp\/v2\/media?parent=4682"}],"wp:term":[{"taxonomy":"category","embeddable":true,"href":"https:\/\/www.schulezumroemerturm.de\/index.php\/wp-json\/wp\/v2\/categories?post=4682"},{"taxonomy":"post_tag","embeddable":true,"href":"https:\/\/www.schulezumroemerturm.de\/index.php\/wp-json\/wp\/v2\/tags?post=4682"}],"curies":[{"name":"wp","href":"https:\/\/api.w.org\/{rel}","templated":true}]}}