{"id":5232,"date":"2022-05-19T18:16:10","date_gmt":"2022-05-19T16:16:10","guid":{"rendered":"https:\/\/www.schulezumroemerturm.de\/?p=5232"},"modified":"2022-09-14T21:54:29","modified_gmt":"2022-09-14T19:54:29","slug":"wir-fuer-den-fc","status":"publish","type":"post","link":"https:\/\/www.schulezumroemerturm.de\/index.php\/2022\/05\/19\/wir-fuer-den-fc\/","title":{"rendered":"Wir f\u00fcr den FC!"},"content":{"rendered":"<p>[responsivevoice_button voice =&#8220;Deutsch Female&#8220; buttontext=&#8220;Anh\u00f6ren&#8220;]<\/p>\n<p>Sch\u00fcler der Fu\u00dfballmannschaft der Schule Zum R\u00f6merturm starten als 1.FC K\u00f6ln beim ersten \u201eSpecial Adventure Camp &amp; Tournament\u201c in Bonn.<\/p>\n<p><img loading=\"lazy\" decoding=\"async\" class=\"alignnone size-full wp-image-5239\" src=\"https:\/\/www.schulezumroemerturm.de\/wp-content\/uploads\/2022\/05\/IMG_5749.jpg\" alt=\"\" width=\"1080\" height=\"810\" srcset=\"https:\/\/www.schulezumroemerturm.de\/wp-content\/uploads\/2022\/05\/IMG_5749.jpg 1080w, https:\/\/www.schulezumroemerturm.de\/wp-content\/uploads\/2022\/05\/IMG_5749-300x225.jpg 300w, https:\/\/www.schulezumroemerturm.de\/wp-content\/uploads\/2022\/05\/IMG_5749-1024x768.jpg 1024w\" sizes=\"auto, (max-width: 1080px) 100vw, 1080px\" \/><\/p>\n<p>Die Vorfreude der Sch\u00fcler der Fu\u00dfballschulmannschaft der Schule Zum R\u00f6merturm auf die Teilnahme beim ersten \u201eSpecial Adventure Camp &amp; Tournament\u201c in Bonn ist riesig. Nicht nur in Bergheim Thorr, sondern auch im Geissbockheim, laufen die Vorbereitungen auf Hochtouren. Am Sonntag startet die Mannschaft Richtung Bonn. Dort werden sie im Turnier nicht als Schulmannschaft, sondern als 1. FC K\u00f6ln, auf nationale (Bayer 04 Leverkusen, VFB Stuttgart, Hertha Bonn) und internationale Teams (FC Altach, Benfica Lissabon, FC Chealsea London, FC Lugano, FC Paris Saint-Germain, FC Bruschgol) treffen und f\u00fcr Euch und den 1. FC K\u00f6ln alles geben!<\/p>\n<p>Vielen Dank an den 1. FC K\u00f6ln, dass er unseren Sch\u00fclern diese wunderbare Erfahrung erm\u00f6glicht und alle Kosten f\u00fcr die Ausstattung und die Teilnahme am Turnier, samt Unterkunft und Verpflegung, \u00fcbernimmt!<\/p>\n<p>Als Dank f\u00fcr diese gro\u00dfartige M\u00f6glichkeit \u00e4ndert die Schulmannschaft der Schule Zum R\u00f6merturm auch f\u00fcr zuk\u00fcnftige Turniere ihre Trikotfarbe von Blau in ein FC ROT! Ab jetzt werden sie nicht mehr als \u201eBlaue Teufel\u201c, sondern als \u201eRote R\u00f6mer\u201c antreten.<\/p>\n<p>Dr\u00fcckt den \u201eRoten R\u00f6mern\u201c die Daumen f\u00fcr das Turnier!<br \/>\n\u201eCome on FC\u201c<\/p>\n<p>Bild und Text: Florian K\u00f6nigs<\/p>\n","protected":false},"excerpt":{"rendered":"<p>[responsivevoice_button voice =&#8220;Deutsch Female&#8220; buttontext=&#8220;Anh\u00f6ren&#8220;] Sch\u00fcler der Fu\u00dfballmannschaft der Schule Zum R\u00f6merturm starten als 1.FC K\u00f6ln beim ersten \u201eSpecial Adventure Camp &amp; Tournament\u201c in Bonn. Die Vorfreude der Sch\u00fcler der Fu\u00dfballschulmannschaft der Schule Zum R\u00f6merturm auf die Teilnahme beim ersten \u201eSpecial Adventure Camp &amp; Tournament\u201c in Bonn ist riesig. Nicht nur in Bergheim Thorr, sondern &hellip; <a href=\"https:\/\/www.schulezumroemerturm.de\/index.php\/2022\/05\/19\/wir-fuer-den-fc\/\" class=\"more-link\"><span class=\"screen-reader-text\">Wir f\u00fcr den FC!<\/span> weiterlesen <span class=\"meta-nav\">&rarr;<\/span><\/a><\/p>\n","protected":false},"author":2,"featured_media":0,"comment_status":"closed","ping_status":"closed","sticky":false,"template":"","format":"standard","meta":{"footnotes":""},"categories":[1],"tags":[],"class_list":["post-5232","post","type-post","status-publish","format-standard","hentry","category-allgemein"],"_links":{"self":[{"href":"https:\/\/www.schulezumroemerturm.de\/index.php\/wp-json\/wp\/v2\/posts\/5232","targetHints":{"allow":["GET"]}}],"collection":[{"href":"https:\/\/www.schulezumroemerturm.de\/index.php\/wp-json\/wp\/v2\/posts"}],"about":[{"href":"https:\/\/www.schulezumroemerturm.de\/index.php\/wp-json\/wp\/v2\/types\/post"}],"author":[{"embeddable":true,"href":"https:\/\/www.schulezumroemerturm.de\/index.php\/wp-json\/wp\/v2\/users\/2"}],"replies":[{"embeddable":true,"href":"https:\/\/www.schulezumroemerturm.de\/index.php\/wp-json\/wp\/v2\/comments?post=5232"}],"version-history":[{"count":6,"href":"https:\/\/www.schulezumroemerturm.de\/index.php\/wp-json\/wp\/v2\/posts\/5232\/revisions"}],"predecessor-version":[{"id":5361,"href":"https:\/\/www.schulezumroemerturm.de\/index.php\/wp-json\/wp\/v2\/posts\/5232\/revisions\/5361"}],"wp:attachment":[{"href":"https:\/\/www.schulezumroemerturm.de\/index.php\/wp-json\/wp\/v2\/media?parent=5232"}],"wp:term":[{"taxonomy":"category","embeddable":true,"href":"https:\/\/www.schulezumroemerturm.de\/index.php\/wp-json\/wp\/v2\/categories?post=5232"},{"taxonomy":"post_tag","embeddable":true,"href":"https:\/\/www.schulezumroemerturm.de\/index.php\/wp-json\/wp\/v2\/tags?post=5232"}],"curies":[{"name":"wp","href":"https:\/\/api.w.org\/{rel}","templated":true}]}}