{"id":5250,"date":"2022-06-08T23:08:23","date_gmt":"2022-06-08T21:08:23","guid":{"rendered":"https:\/\/www.schulezumroemerturm.de\/?p=5250"},"modified":"2022-06-08T23:12:45","modified_gmt":"2022-06-08T21:12:45","slug":"schulgemeinschaft-feiert-abschied","status":"publish","type":"post","link":"https:\/\/www.schulezumroemerturm.de\/index.php\/2022\/06\/08\/schulgemeinschaft-feiert-abschied\/","title":{"rendered":"Schulgemeinschaft feiert Abschied"},"content":{"rendered":"<p style=\"text-align: justify;\"><img loading=\"lazy\" decoding=\"async\" class=\"size-large wp-image-5251 aligncenter\" src=\"https:\/\/www.schulezumroemerturm.de\/wp-content\/uploads\/2022\/06\/IMG_2530-1024x441.jpeg\" alt=\"\" width=\"474\" height=\"204\" srcset=\"https:\/\/www.schulezumroemerturm.de\/wp-content\/uploads\/2022\/06\/IMG_2530-1024x441.jpeg 1024w, https:\/\/www.schulezumroemerturm.de\/wp-content\/uploads\/2022\/06\/IMG_2530-300x129.jpeg 300w, https:\/\/www.schulezumroemerturm.de\/wp-content\/uploads\/2022\/06\/IMG_2530-1536x661.jpeg 1536w, https:\/\/www.schulezumroemerturm.de\/wp-content\/uploads\/2022\/06\/IMG_2530-2048x882.jpeg 2048w\" sizes=\"auto, (max-width: 474px) 100vw, 474px\" \/>[responsivevoice_button voice =&#8220;Deutsch Female&#8220; buttontext=&#8220;Anh\u00f6ren&#8220;]<\/p>\n<p style=\"text-align: justify;\">Nach langer, coronabedingter Wartezeit konnte sich am 8.6.2022 die gesamte Schulgemeinschaft endlich wieder gemeinsam in der Turnhalle zusammenfinden um zu feiern. Und auch wenn der Anlass ein Abschied war, so gestaltete sich die Andacht sowie die anschlie\u00dfende Abschiedsfeier doch sehr fr\u00f6hlich, bunt und lebhaft. Der mit elf Sch\u00fclerinnen und Sch\u00fclern recht gro\u00dfe Entlassjahrgang wurde von den Unter-, Mittel- und Oberstufen geb\u00fchrend mit Liedern und T\u00e4nzen verabschiedet.<img loading=\"lazy\" decoding=\"async\" class=\"size-large wp-image-5252 aligncenter\" src=\"https:\/\/www.schulezumroemerturm.de\/wp-content\/uploads\/2022\/06\/IMG_2541-1024x768.jpeg\" alt=\"\" width=\"474\" height=\"356\" srcset=\"https:\/\/www.schulezumroemerturm.de\/wp-content\/uploads\/2022\/06\/IMG_2541-1024x768.jpeg 1024w, https:\/\/www.schulezumroemerturm.de\/wp-content\/uploads\/2022\/06\/IMG_2541-300x225.jpeg 300w, https:\/\/www.schulezumroemerturm.de\/wp-content\/uploads\/2022\/06\/IMG_2541-1536x1152.jpeg 1536w, https:\/\/www.schulezumroemerturm.de\/wp-content\/uploads\/2022\/06\/IMG_2541-2048x1536.jpeg 2048w\" sizes=\"auto, (max-width: 474px) 100vw, 474px\" \/><\/p>\n<p style=\"text-align: justify;\">Die grandiose Lehrerband untermalte die Andacht mit mitrei\u00dfender Musik und selbst einige Abschlusssch\u00fcler lie\u00dfen es sich nicht nehmen, noch ein paar Dankesworte an ihre Mitsch\u00fclerinnen und Mitsch\u00fcler sowie an die Lehrpersonen sowie Mitarbeiterinnen und Mitarbeiter zu richten. Traditionell wurden auch einige der so wichtigen Assistenzkr\u00e4fte verabschiedet, ohne deren Einsatz der Schulalltag wohl kaum vorstellbar w\u00e4re.<\/p>\n<p><img loading=\"lazy\" decoding=\"async\" class=\"alignnone size-large wp-image-5255\" src=\"https:\/\/www.schulezumroemerturm.de\/wp-content\/uploads\/2022\/06\/IMG_2535-1024x768.jpeg\" alt=\"\" width=\"474\" height=\"356\" srcset=\"https:\/\/www.schulezumroemerturm.de\/wp-content\/uploads\/2022\/06\/IMG_2535-1024x768.jpeg 1024w, https:\/\/www.schulezumroemerturm.de\/wp-content\/uploads\/2022\/06\/IMG_2535-300x225.jpeg 300w, https:\/\/www.schulezumroemerturm.de\/wp-content\/uploads\/2022\/06\/IMG_2535-1536x1152.jpeg 1536w, https:\/\/www.schulezumroemerturm.de\/wp-content\/uploads\/2022\/06\/IMG_2535-2048x1536.jpeg 2048w\" sizes=\"auto, (max-width: 474px) 100vw, 474px\" \/><\/p>\n","protected":false},"excerpt":{"rendered":"<p>[responsivevoice_button voice =&#8220;Deutsch Female&#8220; buttontext=&#8220;Anh\u00f6ren&#8220;] Nach langer, coronabedingter Wartezeit konnte sich am 8.6.2022 die gesamte Schulgemeinschaft endlich wieder gemeinsam in der Turnhalle zusammenfinden um zu feiern. Und auch wenn der Anlass ein Abschied war, so gestaltete sich die Andacht sowie die anschlie\u00dfende Abschiedsfeier doch sehr fr\u00f6hlich, bunt und lebhaft. Der mit elf Sch\u00fclerinnen und Sch\u00fclern &hellip; <a href=\"https:\/\/www.schulezumroemerturm.de\/index.php\/2022\/06\/08\/schulgemeinschaft-feiert-abschied\/\" class=\"more-link\"><span class=\"screen-reader-text\">Schulgemeinschaft feiert Abschied<\/span> weiterlesen <span class=\"meta-nav\">&rarr;<\/span><\/a><\/p>\n","protected":false},"author":2,"featured_media":0,"comment_status":"closed","ping_status":"closed","sticky":false,"template":"","format":"standard","meta":{"footnotes":""},"categories":[1],"tags":[],"class_list":["post-5250","post","type-post","status-publish","format-standard","hentry","category-allgemein"],"_links":{"self":[{"href":"https:\/\/www.schulezumroemerturm.de\/index.php\/wp-json\/wp\/v2\/posts\/5250","targetHints":{"allow":["GET"]}}],"collection":[{"href":"https:\/\/www.schulezumroemerturm.de\/index.php\/wp-json\/wp\/v2\/posts"}],"about":[{"href":"https:\/\/www.schulezumroemerturm.de\/index.php\/wp-json\/wp\/v2\/types\/post"}],"author":[{"embeddable":true,"href":"https:\/\/www.schulezumroemerturm.de\/index.php\/wp-json\/wp\/v2\/users\/2"}],"replies":[{"embeddable":true,"href":"https:\/\/www.schulezumroemerturm.de\/index.php\/wp-json\/wp\/v2\/comments?post=5250"}],"version-history":[{"count":6,"href":"https:\/\/www.schulezumroemerturm.de\/index.php\/wp-json\/wp\/v2\/posts\/5250\/revisions"}],"predecessor-version":[{"id":5259,"href":"https:\/\/www.schulezumroemerturm.de\/index.php\/wp-json\/wp\/v2\/posts\/5250\/revisions\/5259"}],"wp:attachment":[{"href":"https:\/\/www.schulezumroemerturm.de\/index.php\/wp-json\/wp\/v2\/media?parent=5250"}],"wp:term":[{"taxonomy":"category","embeddable":true,"href":"https:\/\/www.schulezumroemerturm.de\/index.php\/wp-json\/wp\/v2\/categories?post=5250"},{"taxonomy":"post_tag","embeddable":true,"href":"https:\/\/www.schulezumroemerturm.de\/index.php\/wp-json\/wp\/v2\/tags?post=5250"}],"curies":[{"name":"wp","href":"https:\/\/api.w.org\/{rel}","templated":true}]}}