{"id":5288,"date":"2022-08-19T12:28:50","date_gmt":"2022-08-19T10:28:50","guid":{"rendered":"https:\/\/www.schulezumroemerturm.de\/?p=5288"},"modified":"2022-08-21T21:20:51","modified_gmt":"2022-08-21T19:20:51","slug":"berufspraxisstufe-erstellt-kreative-plastiken-im-max-ernst-museum","status":"publish","type":"post","link":"https:\/\/www.schulezumroemerturm.de\/index.php\/2022\/08\/19\/berufspraxisstufe-erstellt-kreative-plastiken-im-max-ernst-museum\/","title":{"rendered":"Berufspraxisstufe erstellt kreative Plastiken im Max-Ernst-Museum"},"content":{"rendered":"<p style=\"text-align: justify;\"><img loading=\"lazy\" decoding=\"async\" class=\"alignleft wp-image-5289 size-medium\" src=\"https:\/\/www.schulezumroemerturm.de\/wp-content\/uploads\/2022\/08\/IMG_2822-300x225.jpeg\" alt=\"\" width=\"300\" height=\"225\" srcset=\"https:\/\/www.schulezumroemerturm.de\/wp-content\/uploads\/2022\/08\/IMG_2822-300x225.jpeg 300w, https:\/\/www.schulezumroemerturm.de\/wp-content\/uploads\/2022\/08\/IMG_2822-1024x768.jpeg 1024w, https:\/\/www.schulezumroemerturm.de\/wp-content\/uploads\/2022\/08\/IMG_2822-1536x1152.jpeg 1536w, https:\/\/www.schulezumroemerturm.de\/wp-content\/uploads\/2022\/08\/IMG_2822-2048x1536.jpeg 2048w\" sizes=\"auto, (max-width: 300px) 100vw, 300px\" \/>[responsivevoice_button voice =&#8220;Deutsch Female&#8220; buttontext=&#8220;Anh\u00f6ren&#8220;]<\/p>\n<p style=\"text-align: justify;\">Aus einem riesigen Fundus der tollsten Bastelmaterialien durften die Sch\u00fclerinnen und Sch\u00fcler sch\u00f6pfen, als sie im Fantasielabor des Max-Ernst-Museums in Br\u00fchl selbst kreativ werden durften. Am17. August 2022 besuchten die jungen Erwachsenen zun\u00e4chst die Ausstellung und betrachteten dort eine ber\u00fchmte Skulptur des namengebenden K\u00fcnstlers. <img loading=\"lazy\" decoding=\"async\" class=\"alignright wp-image-5291 size-medium\" src=\"https:\/\/www.schulezumroemerturm.de\/wp-content\/uploads\/2022\/08\/IMG_2829-225x300.jpeg\" alt=\"\" width=\"225\" height=\"300\" srcset=\"https:\/\/www.schulezumroemerturm.de\/wp-content\/uploads\/2022\/08\/IMG_2829-225x300.jpeg 225w, https:\/\/www.schulezumroemerturm.de\/wp-content\/uploads\/2022\/08\/IMG_2829-768x1024.jpeg 768w, https:\/\/www.schulezumroemerturm.de\/wp-content\/uploads\/2022\/08\/IMG_2829-1152x1536.jpeg 1152w, https:\/\/www.schulezumroemerturm.de\/wp-content\/uploads\/2022\/08\/IMG_2829-1536x2048.jpeg 1536w, https:\/\/www.schulezumroemerturm.de\/wp-content\/uploads\/2022\/08\/IMG_2829-scaled.jpeg 1920w\" sizes=\"auto, (max-width: 225px) 100vw, 225px\" \/>Gleichzeitig erfuhren sie, wer dieser Max Ernst eigentlich war und was ihn so ber\u00fchmt machte. Highlight war aber das oben erw\u00e4hnte Fantasielabor, wo die Sch\u00fclerinnen und Sch\u00fcler nach Herzenslust ihrer Kreativit\u00e4t freien Lauf lassen durften.<\/p>\n<p>&nbsp;<\/p>\n","protected":false},"excerpt":{"rendered":"<p>[responsivevoice_button voice =&#8220;Deutsch Female&#8220; buttontext=&#8220;Anh\u00f6ren&#8220;] Aus einem riesigen Fundus der tollsten Bastelmaterialien durften die Sch\u00fclerinnen und Sch\u00fcler sch\u00f6pfen, als sie im Fantasielabor des Max-Ernst-Museums in Br\u00fchl selbst kreativ werden durften. Am17. August 2022 besuchten die jungen Erwachsenen zun\u00e4chst die Ausstellung und betrachteten dort eine ber\u00fchmte Skulptur des namengebenden K\u00fcnstlers. Gleichzeitig erfuhren sie, wer dieser Max &hellip; <a href=\"https:\/\/www.schulezumroemerturm.de\/index.php\/2022\/08\/19\/berufspraxisstufe-erstellt-kreative-plastiken-im-max-ernst-museum\/\" class=\"more-link\"><span class=\"screen-reader-text\">Berufspraxisstufe erstellt kreative Plastiken im Max-Ernst-Museum<\/span> weiterlesen <span class=\"meta-nav\">&rarr;<\/span><\/a><\/p>\n","protected":false},"author":2,"featured_media":0,"comment_status":"closed","ping_status":"closed","sticky":false,"template":"","format":"standard","meta":{"footnotes":""},"categories":[1],"tags":[],"class_list":["post-5288","post","type-post","status-publish","format-standard","hentry","category-allgemein"],"_links":{"self":[{"href":"https:\/\/www.schulezumroemerturm.de\/index.php\/wp-json\/wp\/v2\/posts\/5288","targetHints":{"allow":["GET"]}}],"collection":[{"href":"https:\/\/www.schulezumroemerturm.de\/index.php\/wp-json\/wp\/v2\/posts"}],"about":[{"href":"https:\/\/www.schulezumroemerturm.de\/index.php\/wp-json\/wp\/v2\/types\/post"}],"author":[{"embeddable":true,"href":"https:\/\/www.schulezumroemerturm.de\/index.php\/wp-json\/wp\/v2\/users\/2"}],"replies":[{"embeddable":true,"href":"https:\/\/www.schulezumroemerturm.de\/index.php\/wp-json\/wp\/v2\/comments?post=5288"}],"version-history":[{"count":2,"href":"https:\/\/www.schulezumroemerturm.de\/index.php\/wp-json\/wp\/v2\/posts\/5288\/revisions"}],"predecessor-version":[{"id":5293,"href":"https:\/\/www.schulezumroemerturm.de\/index.php\/wp-json\/wp\/v2\/posts\/5288\/revisions\/5293"}],"wp:attachment":[{"href":"https:\/\/www.schulezumroemerturm.de\/index.php\/wp-json\/wp\/v2\/media?parent=5288"}],"wp:term":[{"taxonomy":"category","embeddable":true,"href":"https:\/\/www.schulezumroemerturm.de\/index.php\/wp-json\/wp\/v2\/categories?post=5288"},{"taxonomy":"post_tag","embeddable":true,"href":"https:\/\/www.schulezumroemerturm.de\/index.php\/wp-json\/wp\/v2\/tags?post=5288"}],"curies":[{"name":"wp","href":"https:\/\/api.w.org\/{rel}","templated":true}]}}