{"id":5945,"date":"2024-03-17T16:56:54","date_gmt":"2024-03-17T15:56:54","guid":{"rendered":"https:\/\/www.schulezumroemerturm.de\/?p=5945"},"modified":"2024-03-17T16:56:54","modified_gmt":"2024-03-17T15:56:54","slug":"kunst-und-handwerkermarkt-bergheim","status":"publish","type":"post","link":"https:\/\/www.schulezumroemerturm.de\/index.php\/2024\/03\/17\/kunst-und-handwerkermarkt-bergheim\/","title":{"rendered":"Kunst- und Handwerkermarkt Bergheim"},"content":{"rendered":"<p>In diesem Jahr waren wir am 9.\/10. M\u00e4rz das erste Mal auf dem Kunst- und Handwerkermarkt im Bergheimer Rathaus vertreten. Mitglieder des F\u00f6rdervereins betreuten unseren Stand, beantworteten die interessierten Fragen der Marktbesucher und verkauften von den Sch\u00fclerinnen und Sch\u00fclern gen\u00e4hte T\u00fcrstopper und H\u00fchner, sowie \u00f6sterliiche Gru\u00dfkarten und selbstgestaltete Aufbewahrungsboxen. Besonderen Anklang fanden die Kunstwerke der Sch\u00fclerinnen und Sch\u00fcler, die an Stellw\u00e4nden pr\u00e4sentiert wurden. Am Ende der Tage blickten wir auf viele gehaltvolle Gespr\u00e4che sowie einen Reinerl\u00f6s von 300 Euro zu Gunsten des F\u00f6rdervereins zur\u00fcck.<\/p>\n<p>Besonderer Dank gilt Frau Hohn und Frau Goldberg f\u00fcr das herausragende Engagement.<\/p>\n<p><img loading=\"lazy\" decoding=\"async\" class=\"alignnone size-full wp-image-5946\" src=\"https:\/\/www.schulezumroemerturm.de\/wp-content\/uploads\/2024\/03\/PHOTO-2024-03-17-15-20-04.jpg\" alt=\"\" width=\"2048\" height=\"1536\" srcset=\"https:\/\/www.schulezumroemerturm.de\/wp-content\/uploads\/2024\/03\/PHOTO-2024-03-17-15-20-04.jpg 2048w, https:\/\/www.schulezumroemerturm.de\/wp-content\/uploads\/2024\/03\/PHOTO-2024-03-17-15-20-04-300x225.jpg 300w, https:\/\/www.schulezumroemerturm.de\/wp-content\/uploads\/2024\/03\/PHOTO-2024-03-17-15-20-04-1024x768.jpg 1024w, https:\/\/www.schulezumroemerturm.de\/wp-content\/uploads\/2024\/03\/PHOTO-2024-03-17-15-20-04-1536x1152.jpg 1536w\" sizes=\"auto, (max-width: 2048px) 100vw, 2048px\" \/><\/p>\n","protected":false},"excerpt":{"rendered":"<p>In diesem Jahr waren wir am 9.\/10. M\u00e4rz das erste Mal auf dem Kunst- und Handwerkermarkt im Bergheimer Rathaus vertreten. Mitglieder des F\u00f6rdervereins betreuten unseren Stand, beantworteten die interessierten Fragen der Marktbesucher und verkauften von den Sch\u00fclerinnen und Sch\u00fclern gen\u00e4hte T\u00fcrstopper und H\u00fchner, sowie \u00f6sterliiche Gru\u00dfkarten und selbstgestaltete Aufbewahrungsboxen. Besonderen Anklang fanden die Kunstwerke der &hellip; <a href=\"https:\/\/www.schulezumroemerturm.de\/index.php\/2024\/03\/17\/kunst-und-handwerkermarkt-bergheim\/\" class=\"more-link\"><span class=\"screen-reader-text\">Kunst- und Handwerkermarkt Bergheim<\/span> weiterlesen <span class=\"meta-nav\">&rarr;<\/span><\/a><\/p>\n","protected":false},"author":2,"featured_media":0,"comment_status":"closed","ping_status":"closed","sticky":false,"template":"","format":"standard","meta":{"footnotes":""},"categories":[1],"tags":[],"class_list":["post-5945","post","type-post","status-publish","format-standard","hentry","category-allgemein"],"_links":{"self":[{"href":"https:\/\/www.schulezumroemerturm.de\/index.php\/wp-json\/wp\/v2\/posts\/5945","targetHints":{"allow":["GET"]}}],"collection":[{"href":"https:\/\/www.schulezumroemerturm.de\/index.php\/wp-json\/wp\/v2\/posts"}],"about":[{"href":"https:\/\/www.schulezumroemerturm.de\/index.php\/wp-json\/wp\/v2\/types\/post"}],"author":[{"embeddable":true,"href":"https:\/\/www.schulezumroemerturm.de\/index.php\/wp-json\/wp\/v2\/users\/2"}],"replies":[{"embeddable":true,"href":"https:\/\/www.schulezumroemerturm.de\/index.php\/wp-json\/wp\/v2\/comments?post=5945"}],"version-history":[{"count":1,"href":"https:\/\/www.schulezumroemerturm.de\/index.php\/wp-json\/wp\/v2\/posts\/5945\/revisions"}],"predecessor-version":[{"id":5947,"href":"https:\/\/www.schulezumroemerturm.de\/index.php\/wp-json\/wp\/v2\/posts\/5945\/revisions\/5947"}],"wp:attachment":[{"href":"https:\/\/www.schulezumroemerturm.de\/index.php\/wp-json\/wp\/v2\/media?parent=5945"}],"wp:term":[{"taxonomy":"category","embeddable":true,"href":"https:\/\/www.schulezumroemerturm.de\/index.php\/wp-json\/wp\/v2\/categories?post=5945"},{"taxonomy":"post_tag","embeddable":true,"href":"https:\/\/www.schulezumroemerturm.de\/index.php\/wp-json\/wp\/v2\/tags?post=5945"}],"curies":[{"name":"wp","href":"https:\/\/api.w.org\/{rel}","templated":true}]}}