{"id":6195,"date":"2024-08-23T21:09:40","date_gmt":"2024-08-23T19:09:40","guid":{"rendered":"https:\/\/www.schulezumroemerturm.de\/?p=6195"},"modified":"2024-08-23T21:13:53","modified_gmt":"2024-08-23T19:13:53","slug":"fussballerinnen-unserer-schule-vertreten-den-1-fc-koeln-beim-international-helvetia-cup","status":"publish","type":"post","link":"https:\/\/www.schulezumroemerturm.de\/index.php\/2024\/08\/23\/fussballerinnen-unserer-schule-vertreten-den-1-fc-koeln-beim-international-helvetia-cup\/","title":{"rendered":"Fu\u00dfballerInnen unserer Schule vertreten den 1. FC K\u00f6ln beim International Helvetia Cup"},"content":{"rendered":"<p><iframe loading=\"lazy\" title=\"Helvetia Cup - Fussball f\u00fcr Inklusion 2024 Highlights\" src=\"https:\/\/www.youtube.com\/embed\/FqhUftRDLik\" width=\"980\" height=\"551\" frameborder=\"0\" allowfullscreen=\"allowfullscreen\"><\/iframe><\/p>\n<p style=\"text-align: justify;\"><img loading=\"lazy\" decoding=\"async\" class=\"size-full wp-image-6204 aligncenter\" src=\"https:\/\/www.schulezumroemerturm.de\/wp-content\/uploads\/2024\/08\/IMG_1263.jpg\" alt=\"\" width=\"640\" height=\"480\" srcset=\"https:\/\/www.schulezumroemerturm.de\/wp-content\/uploads\/2024\/08\/IMG_1263.jpg 640w, https:\/\/www.schulezumroemerturm.de\/wp-content\/uploads\/2024\/08\/IMG_1263-300x225.jpg 300w\" sizes=\"auto, (max-width: 640px) 100vw, 640px\" \/>Vom 8. bis 11. August 2024 fand im Stadion Gr\u00fcndenmoos in St. Gallen der 12. International Helvetia Cup \u2013 Fussball f\u00fcr Inklusion statt. Diese Veranstaltung vereinte \u00fcber 800 junge Athletinnen und Athleten aus 11 verschiedenen Nationen und bot eine Plattform f\u00fcr sportliche Bet\u00e4tigung, Freundschaft und vor allem Inklusion. Der Helvetia Cup war nicht nur ein Fussballturnier; er war eine bedeutende Gelegenheit, die Werte von Gemeinschaft und Zusammenhalt durch die universelle Sprache des Fussballs zu f\u00f6rdern.<\/p>\n<p style=\"text-align: justify;\"><span style=\"color: #000000;\"><img loading=\"lazy\" decoding=\"async\" class=\"alignleft wp-image-6205 size-medium\" src=\"https:\/\/www.schulezumroemerturm.de\/wp-content\/uploads\/2024\/08\/IMG_1268-e1724440055371-300x166.jpg\" alt=\"\" width=\"300\" height=\"166\" srcset=\"https:\/\/www.schulezumroemerturm.de\/wp-content\/uploads\/2024\/08\/IMG_1268-e1724440055371-300x166.jpg 300w, https:\/\/www.schulezumroemerturm.de\/wp-content\/uploads\/2024\/08\/IMG_1268-e1724440055371.jpg 458w\" sizes=\"auto, (max-width: 300px) 100vw, 300px\" \/>Besonders erw\u00e4hnenswert war der Special European Cup, bei dem 15 internationale Spitzenteams f\u00fcr Menschen mit Behinderungen, darunter die FC Chelsea Foundation, die SCR Altach Special Needs,\u00a0die Rangers Charity Foundation sowie der FC Appenzell, in einem fairen Wettbewerb f\u00fcreinander antraten. Unsere Fu\u00dfballerinnen und Fu\u00dfballer traten f\u00fcr den 1. FC K\u00f6ln gegen diese Spitzenteams an und zeigten eine tolle Leistung, die mit dem zweiten Platz pr\u00e4miert wurde. Insgesamt standen aber nicht das Gewinnen, sondern neue interessante Begegnungen, der Spass und das gemeinsame Spielerlebnis im Vordergrund.<\/span><\/p>\n<p style=\"text-align: justify;\"><img loading=\"lazy\" decoding=\"async\" class=\"alignright wp-image-6196 size-medium\" src=\"https:\/\/www.schulezumroemerturm.de\/wp-content\/uploads\/2024\/08\/IMG_1207-300x225.jpg\" alt=\"\" width=\"300\" height=\"225\" srcset=\"https:\/\/www.schulezumroemerturm.de\/wp-content\/uploads\/2024\/08\/IMG_1207-300x225.jpg 300w, https:\/\/www.schulezumroemerturm.de\/wp-content\/uploads\/2024\/08\/IMG_1207.jpg 640w\" sizes=\"auto, (max-width: 300px) 100vw, 300px\" \/>Der Einfluss des Helvetia Cups geht weit \u00fcber die vier Turniertage hinaus. Die lokale Gemeinschaft konnte Teil eines inklusiven Erlebnisses werden und die au\u00dfergew\u00f6hnlichen F\u00e4higkeiten der Athletinnen und Athleten hautnah erleben. Dieses Projekt hat Br\u00fccken zwischen Menschen gebaut und das Bewusstsein f\u00fcr die Bedeutung von Inklusion gesch\u00e4rft. Teilnehmerinnen und Teilnehmer sowie Zuschauerinnen und Zuschauer erhielten nicht nur wertvolle sportliche Eindr\u00fccke, sondern auch wichtige soziale Impulse, die zur F\u00f6rderung einer offeneren und akzeptierenden Gesellschaft beitragen werden.<\/p>\n","protected":false},"excerpt":{"rendered":"<p>Vom 8. bis 11. August 2024 fand im Stadion Gr\u00fcndenmoos in St. Gallen der 12. International Helvetia Cup \u2013 Fussball f\u00fcr Inklusion statt. Diese Veranstaltung vereinte \u00fcber 800 junge Athletinnen und Athleten aus 11 verschiedenen Nationen und bot eine Plattform f\u00fcr sportliche Bet\u00e4tigung, Freundschaft und vor allem Inklusion. Der Helvetia Cup war nicht nur ein &hellip; <a href=\"https:\/\/www.schulezumroemerturm.de\/index.php\/2024\/08\/23\/fussballerinnen-unserer-schule-vertreten-den-1-fc-koeln-beim-international-helvetia-cup\/\" class=\"more-link\"><span class=\"screen-reader-text\">Fu\u00dfballerInnen unserer Schule vertreten den 1. FC K\u00f6ln beim International Helvetia Cup<\/span> weiterlesen <span class=\"meta-nav\">&rarr;<\/span><\/a><\/p>\n","protected":false},"author":2,"featured_media":0,"comment_status":"closed","ping_status":"closed","sticky":false,"template":"","format":"standard","meta":{"footnotes":""},"categories":[1],"tags":[],"class_list":["post-6195","post","type-post","status-publish","format-standard","hentry","category-allgemein"],"_links":{"self":[{"href":"https:\/\/www.schulezumroemerturm.de\/index.php\/wp-json\/wp\/v2\/posts\/6195","targetHints":{"allow":["GET"]}}],"collection":[{"href":"https:\/\/www.schulezumroemerturm.de\/index.php\/wp-json\/wp\/v2\/posts"}],"about":[{"href":"https:\/\/www.schulezumroemerturm.de\/index.php\/wp-json\/wp\/v2\/types\/post"}],"author":[{"embeddable":true,"href":"https:\/\/www.schulezumroemerturm.de\/index.php\/wp-json\/wp\/v2\/users\/2"}],"replies":[{"embeddable":true,"href":"https:\/\/www.schulezumroemerturm.de\/index.php\/wp-json\/wp\/v2\/comments?post=6195"}],"version-history":[{"count":4,"href":"https:\/\/www.schulezumroemerturm.de\/index.php\/wp-json\/wp\/v2\/posts\/6195\/revisions"}],"predecessor-version":[{"id":6212,"href":"https:\/\/www.schulezumroemerturm.de\/index.php\/wp-json\/wp\/v2\/posts\/6195\/revisions\/6212"}],"wp:attachment":[{"href":"https:\/\/www.schulezumroemerturm.de\/index.php\/wp-json\/wp\/v2\/media?parent=6195"}],"wp:term":[{"taxonomy":"category","embeddable":true,"href":"https:\/\/www.schulezumroemerturm.de\/index.php\/wp-json\/wp\/v2\/categories?post=6195"},{"taxonomy":"post_tag","embeddable":true,"href":"https:\/\/www.schulezumroemerturm.de\/index.php\/wp-json\/wp\/v2\/tags?post=6195"}],"curies":[{"name":"wp","href":"https:\/\/api.w.org\/{rel}","templated":true}]}}