{"id":6262,"date":"2024-11-07T20:35:26","date_gmt":"2024-11-07T19:35:26","guid":{"rendered":"https:\/\/www.schulezumroemerturm.de\/?p=6262"},"modified":"2024-11-07T20:35:26","modified_gmt":"2024-11-07T19:35:26","slug":"schuelerinnen-und-schueler-der-ober-und-berufspraxisstufen-besuchen-berufswahlmesse","status":"publish","type":"post","link":"https:\/\/www.schulezumroemerturm.de\/index.php\/2024\/11\/07\/schuelerinnen-und-schueler-der-ober-und-berufspraxisstufen-besuchen-berufswahlmesse\/","title":{"rendered":"Sch\u00fclerinnen und Sch\u00fcler der Ober- und Berufspraxisstufen besuchen Berufswahlmesse"},"content":{"rendered":"<p style=\"text-align: justify;\">Am 5. November \u00a0fand die mittlerweile vierte Berufswahlmesse f\u00fcr Sch\u00fclerinnen und Sch\u00fcler mit Unterst\u00fctzungsbedarf statt. Wie bereits 2016, 2018 und 2022 pr\u00e4sentierten sich viele lokale Betriebe und Institutionen, wie der Integrationsfachdienst, die Agentur f\u00fcr Arbeit oder das Projekt &#8222;Bo-H\u00fcrth&#8220; im Foyer des Adolf-Kolping-Berufskollegs in Kerpen-Horrem.<\/p>\n<p style=\"text-align: justify;\">Die Besucher konnten sich informieren, Fragen stellen, Kontakte kn\u00fcpfen, aber vor allem praktisch t\u00e4tig werden und dadurch einen kleinen Einblick in die einzelnen Berufsfelder erlangen. Die Bedienung einer Lochfr\u00e4se, das Bepflanzen eines selbstgemachten Blumentopfes oder das Arbeiten mit einem Laubbl\u00e4ser, all das und noch viel mehr war m\u00f6glich und erlaubte den jungen Erwachsenen einen Einblick in ein m\u00f6gliches sp\u00e4teres Bet\u00e4tigungsfeld.<\/p>\n<p>BMTV hat einen sch\u00f6nen Filmbeitrag erstellt, der<a href=\"https:\/\/bm-tv.de\/index.php\/kerpen\/14361-4-berufswahlmesse\"> hier<\/a> anzuschauen ist.<\/p>\n","protected":false},"excerpt":{"rendered":"<p>Am 5. November \u00a0fand die mittlerweile vierte Berufswahlmesse f\u00fcr Sch\u00fclerinnen und Sch\u00fcler mit Unterst\u00fctzungsbedarf statt. Wie bereits 2016, 2018 und 2022 pr\u00e4sentierten sich viele lokale Betriebe und Institutionen, wie der Integrationsfachdienst, die Agentur f\u00fcr Arbeit oder das Projekt &#8222;Bo-H\u00fcrth&#8220; im Foyer des Adolf-Kolping-Berufskollegs in Kerpen-Horrem. Die Besucher konnten sich informieren, Fragen stellen, Kontakte kn\u00fcpfen, aber &hellip; <a href=\"https:\/\/www.schulezumroemerturm.de\/index.php\/2024\/11\/07\/schuelerinnen-und-schueler-der-ober-und-berufspraxisstufen-besuchen-berufswahlmesse\/\" class=\"more-link\"><span class=\"screen-reader-text\">Sch\u00fclerinnen und Sch\u00fcler der Ober- und Berufspraxisstufen besuchen Berufswahlmesse<\/span> weiterlesen <span class=\"meta-nav\">&rarr;<\/span><\/a><\/p>\n","protected":false},"author":2,"featured_media":0,"comment_status":"closed","ping_status":"closed","sticky":false,"template":"","format":"standard","meta":{"footnotes":""},"categories":[1],"tags":[],"class_list":["post-6262","post","type-post","status-publish","format-standard","hentry","category-allgemein"],"_links":{"self":[{"href":"https:\/\/www.schulezumroemerturm.de\/index.php\/wp-json\/wp\/v2\/posts\/6262","targetHints":{"allow":["GET"]}}],"collection":[{"href":"https:\/\/www.schulezumroemerturm.de\/index.php\/wp-json\/wp\/v2\/posts"}],"about":[{"href":"https:\/\/www.schulezumroemerturm.de\/index.php\/wp-json\/wp\/v2\/types\/post"}],"author":[{"embeddable":true,"href":"https:\/\/www.schulezumroemerturm.de\/index.php\/wp-json\/wp\/v2\/users\/2"}],"replies":[{"embeddable":true,"href":"https:\/\/www.schulezumroemerturm.de\/index.php\/wp-json\/wp\/v2\/comments?post=6262"}],"version-history":[{"count":3,"href":"https:\/\/www.schulezumroemerturm.de\/index.php\/wp-json\/wp\/v2\/posts\/6262\/revisions"}],"predecessor-version":[{"id":6266,"href":"https:\/\/www.schulezumroemerturm.de\/index.php\/wp-json\/wp\/v2\/posts\/6262\/revisions\/6266"}],"wp:attachment":[{"href":"https:\/\/www.schulezumroemerturm.de\/index.php\/wp-json\/wp\/v2\/media?parent=6262"}],"wp:term":[{"taxonomy":"category","embeddable":true,"href":"https:\/\/www.schulezumroemerturm.de\/index.php\/wp-json\/wp\/v2\/categories?post=6262"},{"taxonomy":"post_tag","embeddable":true,"href":"https:\/\/www.schulezumroemerturm.de\/index.php\/wp-json\/wp\/v2\/tags?post=6262"}],"curies":[{"name":"wp","href":"https:\/\/api.w.org\/{rel}","templated":true}]}}