{"id":6274,"date":"2024-11-19T20:03:51","date_gmt":"2024-11-19T19:03:51","guid":{"rendered":"https:\/\/www.schulezumroemerturm.de\/?p=6274"},"modified":"2024-11-19T20:03:51","modified_gmt":"2024-11-19T19:03:51","slug":"reinigung-der-stolpersteine-in-bergheim-glesch-ein-zeichen-des-gedenkens","status":"publish","type":"post","link":"https:\/\/www.schulezumroemerturm.de\/index.php\/2024\/11\/19\/reinigung-der-stolpersteine-in-bergheim-glesch-ein-zeichen-des-gedenkens\/","title":{"rendered":"Reinigung der Stolpersteine in Bergheim-Glesch \u2013 Ein Zeichen des Gedenkens"},"content":{"rendered":"<p style=\"text-align: justify;\"><img loading=\"lazy\" decoding=\"async\" class=\"alignleft wp-image-6287 size-medium\" src=\"https:\/\/www.schulezumroemerturm.de\/wp-content\/uploads\/2024\/11\/IMG_5221-225x300.jpeg\" alt=\"\" width=\"225\" height=\"300\" srcset=\"https:\/\/www.schulezumroemerturm.de\/wp-content\/uploads\/2024\/11\/IMG_5221-225x300.jpeg 225w, https:\/\/www.schulezumroemerturm.de\/wp-content\/uploads\/2024\/11\/IMG_5221-769x1024.jpeg 769w, https:\/\/www.schulezumroemerturm.de\/wp-content\/uploads\/2024\/11\/IMG_5221-1154x1536.jpeg 1154w, https:\/\/www.schulezumroemerturm.de\/wp-content\/uploads\/2024\/11\/IMG_5221-1539x2048.jpeg 1539w, https:\/\/www.schulezumroemerturm.de\/wp-content\/uploads\/2024\/11\/IMG_5221-scaled.jpeg 1923w\" sizes=\"auto, (max-width: 225px) 100vw, 225px\" \/>Am 13. November fand in Bergheim-Glesch eine bedeutende Aktion zur Reinigung der Stolpersteine statt, an der vier Sch\u00fcler der Berufspraxisstufe teilnahmen. Diese Steine sind ein wichtiges Mahnmal, das an die Schicksale von Menschen erinnert, die w\u00e4hrend der Zeit des Nationalsozialismus verfolgt wurden.<\/p>\n<p style=\"text-align: justify;\">Frau Delbach, Leiterin des Stadtarchivs in Bergheim, begleitete die Sch\u00fcler und brachte die notwendigen Reinigungsmittel mit. Gemeinsam machten sich die Sch\u00fcler daran, die Stolpersteine von zwei j\u00fcdischen Familien \u2013 der Familie Levy und der Familie Gottschalk \u2013 zu reinigen. Diese Familien litten unter dem nationalsozialistischen Regime und wurden schlie\u00dflich deportiert.<\/p>\n<figure id=\"attachment_6288\" aria-describedby=\"caption-attachment-6288\" style=\"width: 225px\" class=\"wp-caption alignright\"><img loading=\"lazy\" decoding=\"async\" class=\"wp-image-6288 size-medium\" src=\"https:\/\/www.schulezumroemerturm.de\/wp-content\/uploads\/2024\/11\/IMG_5222-225x300.jpeg\" alt=\"\" width=\"225\" height=\"300\" srcset=\"https:\/\/www.schulezumroemerturm.de\/wp-content\/uploads\/2024\/11\/IMG_5222-225x300.jpeg 225w, https:\/\/www.schulezumroemerturm.de\/wp-content\/uploads\/2024\/11\/IMG_5222-769x1024.jpeg 769w, https:\/\/www.schulezumroemerturm.de\/wp-content\/uploads\/2024\/11\/IMG_5222-1154x1536.jpeg 1154w, https:\/\/www.schulezumroemerturm.de\/wp-content\/uploads\/2024\/11\/IMG_5222-1539x2048.jpeg 1539w, https:\/\/www.schulezumroemerturm.de\/wp-content\/uploads\/2024\/11\/IMG_5222-scaled.jpeg 1923w\" sizes=\"auto, (max-width: 225px) 100vw, 225px\" \/><figcaption id=\"caption-attachment-6288\" class=\"wp-caption-text\">nach der Reinigung erstrahlen die Stolpersteine in neuem Glanz<\/figcaption><\/figure>\n<p style=\"text-align: justify;\">Im Vorfeld der Aktion setzten sich die Sch\u00fcler im Unterricht intensiv mit der Thematik auseinander. Dies erm\u00f6glichte es ihnen, die Bedeutung der Stolpersteine und die Geschichte der betroffenen Familien besser zu verstehen. Die Reinigung der Stolpersteine f\u00fcgte sich somit nahtlos in den unterrichtlichen Kontext ein und wurde zu einer wertvollen praktischen Erfahrung.<\/p>\n<p style=\"text-align: justify;\">W\u00e4hrend der Aktion brachte Frau Delbach originale Meldekarten und Geburtsurkunden der Familien mit und erz\u00e4hlte den Sch\u00fclern von deren Schicksalen. Diese pers\u00f6nlichen Einblicke machten die Geschichte lebendig und verdeutlichten die Tragweite der Ereignisse, die sich in der Vergangenheit abgespielt haben.<\/p>\n<p style=\"text-align: justify;\"><img loading=\"lazy\" decoding=\"async\" class=\"alignleft wp-image-6286 size-medium\" src=\"https:\/\/www.schulezumroemerturm.de\/wp-content\/uploads\/2024\/11\/IMG_5220-225x300.jpeg\" alt=\"\" width=\"225\" height=\"300\" srcset=\"https:\/\/www.schulezumroemerturm.de\/wp-content\/uploads\/2024\/11\/IMG_5220-225x300.jpeg 225w, https:\/\/www.schulezumroemerturm.de\/wp-content\/uploads\/2024\/11\/IMG_5220-769x1024.jpeg 769w, https:\/\/www.schulezumroemerturm.de\/wp-content\/uploads\/2024\/11\/IMG_5220-1154x1536.jpeg 1154w, https:\/\/www.schulezumroemerturm.de\/wp-content\/uploads\/2024\/11\/IMG_5220-1539x2048.jpeg 1539w, https:\/\/www.schulezumroemerturm.de\/wp-content\/uploads\/2024\/11\/IMG_5220-scaled.jpeg 1923w\" sizes=\"auto, (max-width: 225px) 100vw, 225px\" \/>Die Reinigung der Stolpersteine war nicht nur eine praktische T\u00e4tigkeit, sondern auch ein wichtiger Schritt, um das Gedenken an die Opfer des Nationalsozialismus wachzuhalten. Die Sch\u00fcler trugen aktiv dazu bei, die Erinnerung an die Familien Levy und Gottschalk zu bewahren und ein Zeichen gegen das Vergessen zu setzen.<\/p>\n<p style=\"text-align: justify;\">Wir danken allen Beteiligten f\u00fcr ihr Engagement und die wertvollen Einblicke, die diese Aktion erm\u00f6glicht hat.<\/p>\n","protected":false},"excerpt":{"rendered":"<p>Am 13. November fand in Bergheim-Glesch eine bedeutende Aktion zur Reinigung der Stolpersteine statt, an der vier Sch\u00fcler der Berufspraxisstufe teilnahmen. Diese Steine sind ein wichtiges Mahnmal, das an die Schicksale von Menschen erinnert, die w\u00e4hrend der Zeit des Nationalsozialismus verfolgt wurden. Frau Delbach, Leiterin des Stadtarchivs in Bergheim, begleitete die Sch\u00fcler und brachte die &hellip; <a href=\"https:\/\/www.schulezumroemerturm.de\/index.php\/2024\/11\/19\/reinigung-der-stolpersteine-in-bergheim-glesch-ein-zeichen-des-gedenkens\/\" class=\"more-link\"><span class=\"screen-reader-text\">Reinigung der Stolpersteine in Bergheim-Glesch \u2013 Ein Zeichen des Gedenkens<\/span> weiterlesen <span class=\"meta-nav\">&rarr;<\/span><\/a><\/p>\n","protected":false},"author":2,"featured_media":0,"comment_status":"closed","ping_status":"closed","sticky":false,"template":"","format":"standard","meta":{"footnotes":""},"categories":[1],"tags":[],"class_list":["post-6274","post","type-post","status-publish","format-standard","hentry","category-allgemein"],"_links":{"self":[{"href":"https:\/\/www.schulezumroemerturm.de\/index.php\/wp-json\/wp\/v2\/posts\/6274","targetHints":{"allow":["GET"]}}],"collection":[{"href":"https:\/\/www.schulezumroemerturm.de\/index.php\/wp-json\/wp\/v2\/posts"}],"about":[{"href":"https:\/\/www.schulezumroemerturm.de\/index.php\/wp-json\/wp\/v2\/types\/post"}],"author":[{"embeddable":true,"href":"https:\/\/www.schulezumroemerturm.de\/index.php\/wp-json\/wp\/v2\/users\/2"}],"replies":[{"embeddable":true,"href":"https:\/\/www.schulezumroemerturm.de\/index.php\/wp-json\/wp\/v2\/comments?post=6274"}],"version-history":[{"count":2,"href":"https:\/\/www.schulezumroemerturm.de\/index.php\/wp-json\/wp\/v2\/posts\/6274\/revisions"}],"predecessor-version":[{"id":6289,"href":"https:\/\/www.schulezumroemerturm.de\/index.php\/wp-json\/wp\/v2\/posts\/6274\/revisions\/6289"}],"wp:attachment":[{"href":"https:\/\/www.schulezumroemerturm.de\/index.php\/wp-json\/wp\/v2\/media?parent=6274"}],"wp:term":[{"taxonomy":"category","embeddable":true,"href":"https:\/\/www.schulezumroemerturm.de\/index.php\/wp-json\/wp\/v2\/categories?post=6274"},{"taxonomy":"post_tag","embeddable":true,"href":"https:\/\/www.schulezumroemerturm.de\/index.php\/wp-json\/wp\/v2\/tags?post=6274"}],"curies":[{"name":"wp","href":"https:\/\/api.w.org\/{rel}","templated":true}]}}