{"id":6356,"date":"2024-12-18T20:51:50","date_gmt":"2024-12-18T19:51:50","guid":{"rendered":"https:\/\/www.schulezumroemerturm.de\/?p=6356"},"modified":"2024-12-18T20:51:50","modified_gmt":"2024-12-18T19:51:50","slug":"du-bist-anders-ich-auch-aber-fuer-die-pferde-sind-wir-gleich","status":"publish","type":"post","link":"https:\/\/www.schulezumroemerturm.de\/index.php\/2024\/12\/18\/du-bist-anders-ich-auch-aber-fuer-die-pferde-sind-wir-gleich\/","title":{"rendered":"Du bist anders? Ich auch &#8211; aber f\u00fcr die Pferde sind wir gleich!"},"content":{"rendered":"<p><img loading=\"lazy\" decoding=\"async\" class=\"aligncenter wp-image-6357 size-full\" src=\"https:\/\/www.schulezumroemerturm.de\/wp-content\/uploads\/2024\/12\/reitprojekt-2024.jpg\" alt=\"\" width=\"1530\" height=\"864\" srcset=\"https:\/\/www.schulezumroemerturm.de\/wp-content\/uploads\/2024\/12\/reitprojekt-2024.jpg 1530w, https:\/\/www.schulezumroemerturm.de\/wp-content\/uploads\/2024\/12\/reitprojekt-2024-300x169.jpg 300w, https:\/\/www.schulezumroemerturm.de\/wp-content\/uploads\/2024\/12\/reitprojekt-2024-1024x578.jpg 1024w\" sizes=\"auto, (max-width: 1530px) 100vw, 1530px\" \/><\/p>\n<p style=\"font-weight: 400; text-align: justify;\">Am Ende des Jahres durften wir \u2013 die Klasse M2 \u2013 noch etwas ganz Tolles erleben! Wir waren Teil eines inklusiven Pferdeprojekts, welches durch eine F\u00f6rderung des Ministeriums f\u00fcr Arbeit, Gesundheit und Soziales des Landes NRW erm\u00f6glicht und durch den Verein \u201eTheraKids e.V.\u201c auf dem Rosenhof in Bergheim-Glessen durchgef\u00fchrt wurde.<\/p>\n<p style=\"font-weight: 400; text-align: justify;\">Gemeinsam mit einer f\u00fcnften Klasse des Gutenberg-Gymnasiums in Bergheim entdeckten wir die Welt der Pferde und konnten auf diese Weise Kontakte zu den Tieren aber auch zu den Kindern der anderen Schule kn\u00fcpfen. Diese Erlebnisse wurden im Rahmen gegenseitiger Besuche an den unterschiedlichen Schulen ausgebaut und intensiviert. Das war sch\u00f6n, interessant und aufregend.<\/p>\n<p style=\"font-weight: 400; text-align: justify;\"><strong>Ein unvergessliches Erlebnis! Vielen Dank an alle Beteiligten!<\/strong><\/p>\n","protected":false},"excerpt":{"rendered":"<p>Am Ende des Jahres durften wir \u2013 die Klasse M2 \u2013 noch etwas ganz Tolles erleben! Wir waren Teil eines inklusiven Pferdeprojekts, welches durch eine F\u00f6rderung des Ministeriums f\u00fcr Arbeit, Gesundheit und Soziales des Landes NRW erm\u00f6glicht und durch den Verein \u201eTheraKids e.V.\u201c auf dem Rosenhof in Bergheim-Glessen durchgef\u00fchrt wurde. Gemeinsam mit einer f\u00fcnften Klasse &hellip; <a href=\"https:\/\/www.schulezumroemerturm.de\/index.php\/2024\/12\/18\/du-bist-anders-ich-auch-aber-fuer-die-pferde-sind-wir-gleich\/\" class=\"more-link\"><span class=\"screen-reader-text\">Du bist anders? Ich auch &#8211; aber f\u00fcr die Pferde sind wir gleich!<\/span> weiterlesen <span class=\"meta-nav\">&rarr;<\/span><\/a><\/p>\n","protected":false},"author":2,"featured_media":0,"comment_status":"closed","ping_status":"closed","sticky":false,"template":"","format":"standard","meta":{"footnotes":""},"categories":[1],"tags":[],"class_list":["post-6356","post","type-post","status-publish","format-standard","hentry","category-allgemein"],"_links":{"self":[{"href":"https:\/\/www.schulezumroemerturm.de\/index.php\/wp-json\/wp\/v2\/posts\/6356","targetHints":{"allow":["GET"]}}],"collection":[{"href":"https:\/\/www.schulezumroemerturm.de\/index.php\/wp-json\/wp\/v2\/posts"}],"about":[{"href":"https:\/\/www.schulezumroemerturm.de\/index.php\/wp-json\/wp\/v2\/types\/post"}],"author":[{"embeddable":true,"href":"https:\/\/www.schulezumroemerturm.de\/index.php\/wp-json\/wp\/v2\/users\/2"}],"replies":[{"embeddable":true,"href":"https:\/\/www.schulezumroemerturm.de\/index.php\/wp-json\/wp\/v2\/comments?post=6356"}],"version-history":[{"count":2,"href":"https:\/\/www.schulezumroemerturm.de\/index.php\/wp-json\/wp\/v2\/posts\/6356\/revisions"}],"predecessor-version":[{"id":6359,"href":"https:\/\/www.schulezumroemerturm.de\/index.php\/wp-json\/wp\/v2\/posts\/6356\/revisions\/6359"}],"wp:attachment":[{"href":"https:\/\/www.schulezumroemerturm.de\/index.php\/wp-json\/wp\/v2\/media?parent=6356"}],"wp:term":[{"taxonomy":"category","embeddable":true,"href":"https:\/\/www.schulezumroemerturm.de\/index.php\/wp-json\/wp\/v2\/categories?post=6356"},{"taxonomy":"post_tag","embeddable":true,"href":"https:\/\/www.schulezumroemerturm.de\/index.php\/wp-json\/wp\/v2\/tags?post=6356"}],"curies":[{"name":"wp","href":"https:\/\/api.w.org\/{rel}","templated":true}]}}