{"id":6507,"date":"2025-05-22T09:04:09","date_gmt":"2025-05-22T07:04:09","guid":{"rendered":"https:\/\/www.schulezumroemerturm.de\/?p=6507"},"modified":"2025-05-22T09:05:14","modified_gmt":"2025-05-22T07:05:14","slug":"rock-the-school-konzert-auf-dem-schulhof","status":"publish","type":"post","link":"https:\/\/www.schulezumroemerturm.de\/index.php\/2025\/05\/22\/rock-the-school-konzert-auf-dem-schulhof\/","title":{"rendered":"Rock the School Konzert auf dem Schulhof"},"content":{"rendered":"<p style=\"text-align: justify;\"><img loading=\"lazy\" decoding=\"async\" class=\"alignleft wp-image-6514 size-medium\" src=\"https:\/\/www.schulezumroemerturm.de\/wp-content\/uploads\/2025\/05\/IMG_5949-225x300.jpeg\" alt=\"\" width=\"225\" height=\"300\" srcset=\"https:\/\/www.schulezumroemerturm.de\/wp-content\/uploads\/2025\/05\/IMG_5949-225x300.jpeg 225w, https:\/\/www.schulezumroemerturm.de\/wp-content\/uploads\/2025\/05\/IMG_5949-768x1024.jpeg 768w, https:\/\/www.schulezumroemerturm.de\/wp-content\/uploads\/2025\/05\/IMG_5949-1152x1536.jpeg 1152w, https:\/\/www.schulezumroemerturm.de\/wp-content\/uploads\/2025\/05\/IMG_5949-1536x2048.jpeg 1536w, https:\/\/www.schulezumroemerturm.de\/wp-content\/uploads\/2025\/05\/IMG_5949-scaled.jpeg 1920w\" sizes=\"auto, (max-width: 225px) 100vw, 225px\" \/>Am <strong>12. Mai 2025<\/strong> fand auf unserem Pausenhof ein ganz besonderes Konzert im Rahmen der Initiative <strong>&#8222;RockTheSchool&#8220;<\/strong>statt. Der talentierte K\u00fcnstler <strong>Jona-Elias Boubaous<\/strong> begeisterte unsere Sch\u00fclerinnen und Sch\u00fcler mit seiner mitrei\u00dfenden Musik und sorgte f\u00fcr eine unvergessliche Atmosph\u00e4re.<\/p>\n<p style=\"text-align: justify;\">Das Event wurde von unserer engagierten Schulsozialarbeiterin <strong>Kerstin Maletz<\/strong> von der KJA K\u00f6ln organisiert und gro\u00dfz\u00fcgig von der <strong>Kreissparkasse K\u00f6ln<\/strong> finanziert.<\/p>\n<h2 style=\"text-align: justify;\">Ein unvergessliches Erlebnis<\/h2>\n<p style=\"text-align: justify;\"><img loading=\"lazy\" decoding=\"async\" class=\"alignright wp-image-6513 size-medium\" src=\"https:\/\/www.schulezumroemerturm.de\/wp-content\/uploads\/2025\/05\/IMG_5948-300x225.jpeg\" alt=\"\" width=\"300\" height=\"225\" srcset=\"https:\/\/www.schulezumroemerturm.de\/wp-content\/uploads\/2025\/05\/IMG_5948-300x225.jpeg 300w, https:\/\/www.schulezumroemerturm.de\/wp-content\/uploads\/2025\/05\/IMG_5948-1024x768.jpeg 1024w, https:\/\/www.schulezumroemerturm.de\/wp-content\/uploads\/2025\/05\/IMG_5948-1536x1152.jpeg 1536w, https:\/\/www.schulezumroemerturm.de\/wp-content\/uploads\/2025\/05\/IMG_5948-2048x1536.jpeg 2048w\" sizes=\"auto, (max-width: 300px) 100vw, 300px\" \/>Jona-Elias Boubaous brachte nicht nur seine musikalischen F\u00e4higkeiten mit, sondern auch eine Menge Begeisterung und positive Energie, die er bereits bei \u00fcber 400 Pausenkonzerten in ganz Europa verbreitet hat. F\u00fcr viele Sch\u00fclerinnen und Sch\u00fcler war das Konzert eine willkommene Abwechslung im Schulalltag.<\/p>\n<p style=\"text-align: justify;\">Der Auftritt war f\u00fcr unsere Schule vollkommen stressfrei, da Jona-Elias sich um alles k\u00fcmmerte, was f\u00fcr die Show ben\u00f6tigt wurde. Wir mussten lediglich einen geeigneten Platz und Strom bereitstellen \u2013 der Rest wurde von ihm organisiert.<\/p>\n<p style=\"text-align: justify;\"><img loading=\"lazy\" decoding=\"async\" class=\"alignleft wp-image-6512 size-medium\" src=\"https:\/\/www.schulezumroemerturm.de\/wp-content\/uploads\/2025\/05\/IMG_5947-300x225.jpeg\" alt=\"\" width=\"300\" height=\"225\" srcset=\"https:\/\/www.schulezumroemerturm.de\/wp-content\/uploads\/2025\/05\/IMG_5947-300x225.jpeg 300w, https:\/\/www.schulezumroemerturm.de\/wp-content\/uploads\/2025\/05\/IMG_5947-1024x768.jpeg 1024w, https:\/\/www.schulezumroemerturm.de\/wp-content\/uploads\/2025\/05\/IMG_5947-1536x1152.jpeg 1536w, https:\/\/www.schulezumroemerturm.de\/wp-content\/uploads\/2025\/05\/IMG_5947-2048x1536.jpeg 2048w\" sizes=\"auto, (max-width: 300px) 100vw, 300px\" \/>Die R\u00fcckmeldungen der Sch\u00fcler*innen waren \u00fcberw\u00e4ltigend positiv, und wir sind \u00fcberzeugt, dass dieses Konzert ein Highlight im Schuljahr war. Wir freuen uns auf weitere Veranstaltungen dieser Art und danken allen Beteiligten f\u00fcr ihren Einsatz, um solche Erlebnisse zu erm\u00f6glichen!<\/p>\n","protected":false},"excerpt":{"rendered":"<p>Am 12. Mai 2025 fand auf unserem Pausenhof ein ganz besonderes Konzert im Rahmen der Initiative &#8222;RockTheSchool&#8220;statt. Der talentierte K\u00fcnstler Jona-Elias Boubaous begeisterte unsere Sch\u00fclerinnen und Sch\u00fcler mit seiner mitrei\u00dfenden Musik und sorgte f\u00fcr eine unvergessliche Atmosph\u00e4re. Das Event wurde von unserer engagierten Schulsozialarbeiterin Kerstin Maletz von der KJA K\u00f6ln organisiert und gro\u00dfz\u00fcgig von der &hellip; <a href=\"https:\/\/www.schulezumroemerturm.de\/index.php\/2025\/05\/22\/rock-the-school-konzert-auf-dem-schulhof\/\" class=\"more-link\"><span class=\"screen-reader-text\">Rock the School Konzert auf dem Schulhof<\/span> weiterlesen <span class=\"meta-nav\">&rarr;<\/span><\/a><\/p>\n","protected":false},"author":2,"featured_media":0,"comment_status":"closed","ping_status":"closed","sticky":false,"template":"","format":"standard","meta":{"footnotes":""},"categories":[1],"tags":[],"class_list":["post-6507","post","type-post","status-publish","format-standard","hentry","category-allgemein"],"_links":{"self":[{"href":"https:\/\/www.schulezumroemerturm.de\/index.php\/wp-json\/wp\/v2\/posts\/6507","targetHints":{"allow":["GET"]}}],"collection":[{"href":"https:\/\/www.schulezumroemerturm.de\/index.php\/wp-json\/wp\/v2\/posts"}],"about":[{"href":"https:\/\/www.schulezumroemerturm.de\/index.php\/wp-json\/wp\/v2\/types\/post"}],"author":[{"embeddable":true,"href":"https:\/\/www.schulezumroemerturm.de\/index.php\/wp-json\/wp\/v2\/users\/2"}],"replies":[{"embeddable":true,"href":"https:\/\/www.schulezumroemerturm.de\/index.php\/wp-json\/wp\/v2\/comments?post=6507"}],"version-history":[{"count":3,"href":"https:\/\/www.schulezumroemerturm.de\/index.php\/wp-json\/wp\/v2\/posts\/6507\/revisions"}],"predecessor-version":[{"id":6516,"href":"https:\/\/www.schulezumroemerturm.de\/index.php\/wp-json\/wp\/v2\/posts\/6507\/revisions\/6516"}],"wp:attachment":[{"href":"https:\/\/www.schulezumroemerturm.de\/index.php\/wp-json\/wp\/v2\/media?parent=6507"}],"wp:term":[{"taxonomy":"category","embeddable":true,"href":"https:\/\/www.schulezumroemerturm.de\/index.php\/wp-json\/wp\/v2\/categories?post=6507"},{"taxonomy":"post_tag","embeddable":true,"href":"https:\/\/www.schulezumroemerturm.de\/index.php\/wp-json\/wp\/v2\/tags?post=6507"}],"curies":[{"name":"wp","href":"https:\/\/api.w.org\/{rel}","templated":true}]}}