{"id":6775,"date":"2025-11-17T15:25:57","date_gmt":"2025-11-17T14:25:57","guid":{"rendered":"https:\/\/www.schulezumroemerturm.de\/?p=6775"},"modified":"2025-11-17T15:25:57","modified_gmt":"2025-11-17T14:25:57","slug":"projektwoche-im-werkraum-ein-blick-hinter-die-kulissen","status":"publish","type":"post","link":"https:\/\/www.schulezumroemerturm.de\/index.php\/2025\/11\/17\/projektwoche-im-werkraum-ein-blick-hinter-die-kulissen\/","title":{"rendered":"Projektwoche im Werkraum &#8211; Ein Blick hinter die Kulissen"},"content":{"rendered":"<p style=\"text-align: justify;\"><span style=\"font-family: 'Arial',sans-serif;\">In der ersten Woche der Projektwoche hatten die Sch\u00fcler:innen die spannende Aufgabe, selbst Hand anzulegen und St\u00fchle zu bauen. Doch wie sieht es eigentlich im Werkraum aus? Was unterscheidet sich hier von den Arbeiten in einer echten Schreinerei? Diese Fragen haben sich die Reporter:innen der Schule Zum R\u00f6merturm gestellt und sind der Sache auf den Grund gegangen.<\/span><\/p>\n<p><img loading=\"lazy\" decoding=\"async\" class=\"alignnone  wp-image-6777\" src=\"https:\/\/www.schulezumroemerturm.de\/wp-content\/uploads\/2025\/11\/IMG_1302.jpg\" alt=\"\" width=\"398\" height=\"298\" srcset=\"https:\/\/www.schulezumroemerturm.de\/wp-content\/uploads\/2025\/11\/IMG_1302.jpg 1080w, https:\/\/www.schulezumroemerturm.de\/wp-content\/uploads\/2025\/11\/IMG_1302-300x225.jpg 300w, https:\/\/www.schulezumroemerturm.de\/wp-content\/uploads\/2025\/11\/IMG_1302-1024x768.jpg 1024w\" sizes=\"auto, (max-width: 398px) 100vw, 398px\" \/><\/p>\n<p>&nbsp;<\/p>\n<p style=\"text-align: justify;\"><span style=\"font-family: 'Arial',sans-serif;\"><img loading=\"lazy\" decoding=\"async\" class=\"wp-image-6776 alignleft\" src=\"https:\/\/www.schulezumroemerturm.de\/wp-content\/uploads\/2025\/11\/IMG_1296.jpg\" alt=\"\" width=\"237\" height=\"178\" srcset=\"https:\/\/www.schulezumroemerturm.de\/wp-content\/uploads\/2025\/11\/IMG_1296.jpg 1080w, https:\/\/www.schulezumroemerturm.de\/wp-content\/uploads\/2025\/11\/IMG_1296-300x225.jpg 300w, https:\/\/www.schulezumroemerturm.de\/wp-content\/uploads\/2025\/11\/IMG_1296-1024x768.jpg 1024w\" sizes=\"auto, (max-width: 237px) 100vw, 237px\" \/>Im Werkraum geht es ganz sch\u00f6n handfest zu! Anders als in der Schreinerei, wo professionelle Schreiner:innen mit speziellen Werkzeugen arbeiten, benutzen die Sch\u00fcler:innen etwas andere Ger\u00e4te. In der Schreinerei ist die Ausstattung oft umfangreicher, und die Handwerker:innen arbeiten t\u00e4glich mit Holz, w\u00e4hrend unsere Lehrkr\u00e4fte den Werkraum meist nur f\u00fcr Projekte nutzen.<\/span><\/p>\n<p>&nbsp;<\/p>\n<p style=\"text-align: justify;\"><span style=\"font-family: 'Arial',sans-serif;\"><img loading=\"lazy\" decoding=\"async\" class=\"wp-image-6787 alignright\" src=\"https:\/\/www.schulezumroemerturm.de\/wp-content\/uploads\/2025\/11\/neues-Foto-HP.jpg\" alt=\"\" width=\"267\" height=\"356\" srcset=\"https:\/\/www.schulezumroemerturm.de\/wp-content\/uploads\/2025\/11\/neues-Foto-HP.jpg 810w, https:\/\/www.schulezumroemerturm.de\/wp-content\/uploads\/2025\/11\/neues-Foto-HP-225x300.jpg 225w, https:\/\/www.schulezumroemerturm.de\/wp-content\/uploads\/2025\/11\/neues-Foto-HP-768x1024.jpg 768w\" sizes=\"auto, (max-width: 267px) 100vw, 267px\" \/>Die St\u00fchle, die die Sch\u00fcler:innen bauten, mussten nat\u00fcrlich perfekt verarbeitet werden. Ein wichtiger Schritt dabei war das Schleifen des Holzes, um eine glatte Oberfl\u00e4che zu erzielen. Dazu wird die Schleifmaschine \u00fcber das Holz gef\u00fchrt, w\u00e4hrend eine Hand das Werkzeug und die andere das Holz stabilisiert.<\/span><\/p>\n<p style=\"text-align: justify;\"><span style=\"font-family: 'Arial',sans-serif;\">Nachdem die St\u00fchle geschliffen waren, erhielten sie noch einen sch\u00fctzenden Lack, damit sie auch den Witterungsbedingungen standhalten k\u00f6nnen &#8211; schlie\u00dflich sollen die St\u00fchle auch drau\u00dfen im Regen eine gute Figur machen.<\/span><\/p>\n<p><img loading=\"lazy\" decoding=\"async\" class=\"alignnone  wp-image-6779\" src=\"https:\/\/www.schulezumroemerturm.de\/wp-content\/uploads\/2025\/11\/IMG_1295.jpg\" alt=\"\" width=\"349\" height=\"262\" srcset=\"https:\/\/www.schulezumroemerturm.de\/wp-content\/uploads\/2025\/11\/IMG_1295.jpg 1080w, https:\/\/www.schulezumroemerturm.de\/wp-content\/uploads\/2025\/11\/IMG_1295-300x225.jpg 300w, https:\/\/www.schulezumroemerturm.de\/wp-content\/uploads\/2025\/11\/IMG_1295-1024x768.jpg 1024w\" sizes=\"auto, (max-width: 349px) 100vw, 349px\" \/><\/p>\n<p style=\"text-align: justify;\"><span style=\"font-family: 'Arial',sans-serif;\">Es war eine gro\u00dfartige Erfahrung f\u00fcr alle Beteiligten, und am Ende der Woche wurden die selbstgebauten St\u00fchle stolz pr\u00e4sentiert &#8211; ein echtes Beispiel daf\u00fcr, wie viel handwerkliches Geschick die Sch\u00fcler:innen in kurzer Zeit entwickeln k\u00f6nnen!<\/span><\/p>\n<p style=\"text-align: justify;\"><span style=\"font-family: 'Arial',sans-serif;\">Bleibt gespannt auf weitere Einblicke in die kreative Projektwoche!<\/span><\/p>\n","protected":false},"excerpt":{"rendered":"<p>In der ersten Woche der Projektwoche hatten die Sch\u00fcler:innen die spannende Aufgabe, selbst Hand anzulegen und St\u00fchle zu bauen. Doch wie sieht es eigentlich im Werkraum aus? Was unterscheidet sich hier von den Arbeiten in einer echten Schreinerei? Diese Fragen haben sich die Reporter:innen der Schule Zum R\u00f6merturm gestellt und sind der Sache auf den &hellip; <a href=\"https:\/\/www.schulezumroemerturm.de\/index.php\/2025\/11\/17\/projektwoche-im-werkraum-ein-blick-hinter-die-kulissen\/\" class=\"more-link\"><span class=\"screen-reader-text\">Projektwoche im Werkraum &#8211; Ein Blick hinter die Kulissen<\/span> weiterlesen <span class=\"meta-nav\">&rarr;<\/span><\/a><\/p>\n","protected":false},"author":11,"featured_media":0,"comment_status":"closed","ping_status":"closed","sticky":false,"template":"","format":"standard","meta":{"footnotes":""},"categories":[1],"tags":[],"class_list":["post-6775","post","type-post","status-publish","format-standard","hentry","category-allgemein"],"_links":{"self":[{"href":"https:\/\/www.schulezumroemerturm.de\/index.php\/wp-json\/wp\/v2\/posts\/6775","targetHints":{"allow":["GET"]}}],"collection":[{"href":"https:\/\/www.schulezumroemerturm.de\/index.php\/wp-json\/wp\/v2\/posts"}],"about":[{"href":"https:\/\/www.schulezumroemerturm.de\/index.php\/wp-json\/wp\/v2\/types\/post"}],"author":[{"embeddable":true,"href":"https:\/\/www.schulezumroemerturm.de\/index.php\/wp-json\/wp\/v2\/users\/11"}],"replies":[{"embeddable":true,"href":"https:\/\/www.schulezumroemerturm.de\/index.php\/wp-json\/wp\/v2\/comments?post=6775"}],"version-history":[{"count":15,"href":"https:\/\/www.schulezumroemerturm.de\/index.php\/wp-json\/wp\/v2\/posts\/6775\/revisions"}],"predecessor-version":[{"id":6794,"href":"https:\/\/www.schulezumroemerturm.de\/index.php\/wp-json\/wp\/v2\/posts\/6775\/revisions\/6794"}],"wp:attachment":[{"href":"https:\/\/www.schulezumroemerturm.de\/index.php\/wp-json\/wp\/v2\/media?parent=6775"}],"wp:term":[{"taxonomy":"category","embeddable":true,"href":"https:\/\/www.schulezumroemerturm.de\/index.php\/wp-json\/wp\/v2\/categories?post=6775"},{"taxonomy":"post_tag","embeddable":true,"href":"https:\/\/www.schulezumroemerturm.de\/index.php\/wp-json\/wp\/v2\/tags?post=6775"}],"curies":[{"name":"wp","href":"https:\/\/api.w.org\/{rel}","templated":true}]}}