{"id":6861,"date":"2025-11-25T17:35:38","date_gmt":"2025-11-25T16:35:38","guid":{"rendered":"https:\/\/www.schulezumroemerturm.de\/?p=6861"},"modified":"2025-11-25T17:35:38","modified_gmt":"2025-11-25T16:35:38","slug":"interview-mit-herrn-koenigs","status":"publish","type":"post","link":"https:\/\/www.schulezumroemerturm.de\/index.php\/2025\/11\/25\/interview-mit-herrn-koenigs\/","title":{"rendered":"Interview mit Herrn K\u00f6nigs"},"content":{"rendered":"<p><strong><img loading=\"lazy\" decoding=\"async\" class=\" wp-image-6862 alignleft\" src=\"https:\/\/www.schulezumroemerturm.de\/wp-content\/uploads\/2025\/11\/20251117_103115_MEDIUM.jpg\" alt=\"\" width=\"280\" height=\"373\" \/>Frage: Wer hatte die Idee f\u00fcr das Projekt?<\/strong><\/p>\n<blockquote><p><strong>Antwort:<\/strong> Frau Wulftange hat von der Neumayer Stiftung eine Mail bekommen, dass Projekte gef\u00f6rdert werden und hatte dann mal gefragt, wer dazu eine Idee h\u00e4tte. Ich hatte die Idee, dass wir aus Paletten Sitzm\u00f6bel bauen. Das fanden die anderen aus der Oberstufe auch gut. Da hatten wir Gl\u00fcck, dass wir, als wir den Antrag gestellt haben, das Geld bewilligt bekommen habe. \u00a0Jetzt k\u00f6nnen wir alle gut zusammenarbeiten.<\/p><\/blockquote>\n<p style=\"text-align: justify;\"><strong>Frage: Wer arbeitet an dem Projekt?<\/strong><\/p>\n<blockquote><p><strong>Antwort:<\/strong> Alle Oberstufen- Sch\u00fclerinnen und Sch\u00fcler arbeiten an dem Projekt. Und nat\u00fcrlich alle Lehrerinnen und Lehrer der Oberstufe. Wie ihr schon erfahren habt, gibt es 4 Gruppen: die Reporterinnen, die Schreinerei Verpflegungsgruppe und den Werkraum.<\/p><\/blockquote>\n<p style=\"text-align: justify;\"><strong>Frage: Wer arbeitet in den Werkraum?<\/strong><\/p>\n<blockquote><p><strong>Antwort:<\/strong> Es gibt 2 Gruppen im Werkraum. Eine Gruppe, betreut von Herrn Wittig, macht vor allem Sofas, die andere Gruppe, betreut von mit, baut vor allem den R\u00f6merstuhl. Alles aus Einweg- Paletten.<\/p><\/blockquote>\n<p style=\"text-align: justify;\"><strong>Frage: Wie arbeitet ihr?<\/strong><\/p>\n<blockquote><p><strong>Antwort:<\/strong> Als allererstes m\u00fcssen wir die Paletten auseinandernehmen. Das ist ganz sch\u00f6n schwierig, Denn sie sind zusammengenagelt. \u00a0Langsam kriegen wir das schon besser hin. Dann m\u00fcssen wir die N\u00e4gel aus den Paletten holen damit sich niemand verletzt. Dann m\u00fcssen die Bretter geschliffen werden, Sie m\u00fcssen zugeschnitten werden und dann erst k\u00f6nnen wir den Stuhl zusamenbauen.<\/p><\/blockquote>\n<p style=\"text-align: justify;\"><strong>Frage: Wo kommen die Paletten her?<\/strong><\/p>\n<blockquote><p><strong>Antwort:<\/strong> Herr Wittig hatte die gute Idee Firmen zu fragen. Die Firma TJX hat ganz viele Paletten gespendet und auch die Firma Vaillant. Das ist nat\u00fcrlich super. Jetzt haben wir so viel Material zum Arbeiten, damit kommen wir ganz gut voran. Da sind wir sehr gl\u00fccklich dr\u00fcber.<\/p><\/blockquote>\n<p style=\"text-align: justify;\"><strong>Frage: Wo ist der Werkraum?<\/strong><\/p>\n<blockquote><p><strong>Antwort:<\/strong> Der Werkraum ist im Keller des Neubaus der Schule zum R\u00f6merturm.<\/p><\/blockquote>\n<p style=\"text-align: justify;\"><strong>Frage: \u00a0was macht am meisten Spa\u00df?<\/strong><\/p>\n<blockquote><p><strong>Antwort:<\/strong> Dass alle Sch\u00fcler und Sch\u00fclerinnen so super mitarbeiten. Alle, egal in welcher Gruppen sie sind, sind Feuer und Flamme!<\/p><\/blockquote>\n<p style=\"text-align: justify;\"><strong>Frage: Was passiert nach dem Projekt?<\/strong><\/p>\n<blockquote><p><strong>Antwort:<\/strong> Wir hoffen, dass wir die Arbeit fortsetzen k\u00f6nnen. Man kann aus Paletten so viel mehr bauen: Schr\u00e4nke kann man bauen, Lampen, Regale. Ganz toll w\u00e4re das wenn wir nach dem Projekt noch mit der Schreinerei weiterarbeiten k\u00f6nnten. Die Schreiner k\u00f6nnen nat\u00fcrlich noch besser mit Holz arbeiten und uns viel beibringen.<\/p><\/blockquote>\n<p style=\"text-align: justify;\"><strong>Frage: Wir haben erfahren, dass sogar schon im September Paletten vorbereitet wurden. Es wurden N\u00e4gel aus dem Holz gezogen, die Paletten wurden auseinander gestemmt \u2026 Warum habt ihr so fr\u00fch angefangen? Das Projekt l\u00e4uft doch eigentlich erst seit letztem Montag, den 10.11.2025.<\/strong><\/p>\n<blockquote>\n<p style=\"text-align: justify;\"><strong>Antwort:<\/strong> Wir haben schon Vorbereitungen getroffen, damit wir direkt loslegen k\u00f6nnen. Wir haben schon in Vorarbeit einige Paletten auseinandergestemmt und N\u00e4gel rausgezogen.<\/p>\n<\/blockquote>\n<p><img loading=\"lazy\" decoding=\"async\" class=\"alignnone size-full wp-image-6863\" src=\"https:\/\/www.schulezumroemerturm.de\/wp-content\/uploads\/2025\/11\/20251112_104925_MEDIUM.jpg\" alt=\"\" width=\"1528\" height=\"1528\" srcset=\"https:\/\/www.schulezumroemerturm.de\/wp-content\/uploads\/2025\/11\/20251112_104925_MEDIUM.jpg 1528w, https:\/\/www.schulezumroemerturm.de\/wp-content\/uploads\/2025\/11\/20251112_104925_MEDIUM-300x300.jpg 300w, https:\/\/www.schulezumroemerturm.de\/wp-content\/uploads\/2025\/11\/20251112_104925_MEDIUM-1024x1024.jpg 1024w, https:\/\/www.schulezumroemerturm.de\/wp-content\/uploads\/2025\/11\/20251112_104925_MEDIUM-200x200.jpg 200w\" sizes=\"auto, (max-width: 1528px) 100vw, 1528px\" \/><\/p>\n","protected":false},"excerpt":{"rendered":"<p>Frage: Wer hatte die Idee f\u00fcr das Projekt? Antwort: Frau Wulftange hat von der Neumayer Stiftung eine Mail bekommen, dass Projekte gef\u00f6rdert werden und hatte dann mal gefragt, wer dazu eine Idee h\u00e4tte. Ich hatte die Idee, dass wir aus Paletten Sitzm\u00f6bel bauen. Das fanden die anderen aus der Oberstufe auch gut. Da hatten wir &hellip; <a href=\"https:\/\/www.schulezumroemerturm.de\/index.php\/2025\/11\/25\/interview-mit-herrn-koenigs\/\" class=\"more-link\"><span class=\"screen-reader-text\">Interview mit Herrn K\u00f6nigs<\/span> weiterlesen <span class=\"meta-nav\">&rarr;<\/span><\/a><\/p>\n","protected":false},"author":11,"featured_media":0,"comment_status":"closed","ping_status":"closed","sticky":false,"template":"","format":"standard","meta":{"footnotes":""},"categories":[1],"tags":[],"class_list":["post-6861","post","type-post","status-publish","format-standard","hentry","category-allgemein"],"_links":{"self":[{"href":"https:\/\/www.schulezumroemerturm.de\/index.php\/wp-json\/wp\/v2\/posts\/6861","targetHints":{"allow":["GET"]}}],"collection":[{"href":"https:\/\/www.schulezumroemerturm.de\/index.php\/wp-json\/wp\/v2\/posts"}],"about":[{"href":"https:\/\/www.schulezumroemerturm.de\/index.php\/wp-json\/wp\/v2\/types\/post"}],"author":[{"embeddable":true,"href":"https:\/\/www.schulezumroemerturm.de\/index.php\/wp-json\/wp\/v2\/users\/11"}],"replies":[{"embeddable":true,"href":"https:\/\/www.schulezumroemerturm.de\/index.php\/wp-json\/wp\/v2\/comments?post=6861"}],"version-history":[{"count":2,"href":"https:\/\/www.schulezumroemerturm.de\/index.php\/wp-json\/wp\/v2\/posts\/6861\/revisions"}],"predecessor-version":[{"id":6865,"href":"https:\/\/www.schulezumroemerturm.de\/index.php\/wp-json\/wp\/v2\/posts\/6861\/revisions\/6865"}],"wp:attachment":[{"href":"https:\/\/www.schulezumroemerturm.de\/index.php\/wp-json\/wp\/v2\/media?parent=6861"}],"wp:term":[{"taxonomy":"category","embeddable":true,"href":"https:\/\/www.schulezumroemerturm.de\/index.php\/wp-json\/wp\/v2\/categories?post=6861"},{"taxonomy":"post_tag","embeddable":true,"href":"https:\/\/www.schulezumroemerturm.de\/index.php\/wp-json\/wp\/v2\/tags?post=6861"}],"curies":[{"name":"wp","href":"https:\/\/api.w.org\/{rel}","templated":true}]}}