{"id":6866,"date":"2025-11-26T21:16:21","date_gmt":"2025-11-26T20:16:21","guid":{"rendered":"https:\/\/www.schulezumroemerturm.de\/?p=6866"},"modified":"2025-12-01T20:06:28","modified_gmt":"2025-12-01T19:06:28","slug":"weihnachts-thorr-2025","status":"publish","type":"post","link":"https:\/\/www.schulezumroemerturm.de\/index.php\/2025\/11\/26\/weihnachts-thorr-2025\/","title":{"rendered":"Weihnachts-Thorr 2025"},"content":{"rendered":"<div style=\"clear: both;\">\n<audio class=\"wp-audio-shortcode\" id=\"audio-6866-1\" preload=\"none\" style=\"width: 100%;\" controls=\"controls\"><source type=\"audio\/mpeg\" src=\"https:\/\/www.schulezumroemerturm.de\/wp-content\/uploads\/2025\/11\/homepage_weihnachtsthorr_2.mp3?_=1\" \/><a href=\"https:\/\/www.schulezumroemerturm.de\/wp-content\/uploads\/2025\/11\/homepage_weihnachtsthorr_2.mp3\">https:\/\/www.schulezumroemerturm.de\/wp-content\/uploads\/2025\/11\/homepage_weihnachtsthorr_2.mp3<\/a><\/audio>\n<\/div>\n<p><strong>Liebe Schulgemeinschaft,<br \/>\nliebe Freunde und Freundinnen der Schule Zum R\u00f6merturm,<\/strong><\/p>\n<p>wir freuen uns auf ein ganz besonderes Ereignis:<\/p>\n<h3 style=\"text-align: center;\">am Samstag, 06.12 und am Sonntag, 07.12.2025<\/h3>\n<p style=\"text-align: center;\">feiern wir mit der Dorfgemeinschaft aus Thorr den<\/p>\n<p><img decoding=\"async\" class=\"aligncenter\" src=\"https:\/\/www.schulezumroemerturm.de\/wp-content\/uploads\/2025\/11\/2.png\" alt=\"Tannenbaum\" width=\"60\" \/><\/p>\n<h2 style=\"text-align: center;\">Weihnachts-Thorr 2025<\/h2>\n<p>&nbsp;<\/p>\n<p>F\u00fcr diesen <strong>ersten gemeinsamen Weihnachtsmarkt<\/strong> haben wir alle zusammen <strong>viele \u00dcberraschungen<\/strong> vorbereitet:<\/p>\n<p><img decoding=\"async\" class=\"alignright\" src=\"https:\/\/www.schulezumroemerturm.de\/wp-content\/uploads\/2025\/11\/3.png\" alt=\"Muffin\" width=\"60\" \/><\/p>\n<p>Am Samstag sorgen wir f\u00fcr <strong>leckeren Kuchen in der Cafeteria<\/strong>.<br \/>\nDas ist m\u00f6glich aufgrund vieler Kuchenspenden. Danke daf\u00fcr!!!<\/p>\n<hr \/>\n<p><img decoding=\"async\" class=\"alignleft\" src=\"https:\/\/www.schulezumroemerturm.de\/wp-content\/uploads\/2025\/11\/4.png\" alt=\"Kranz\" width=\"70\" \/><\/p>\n<p>Wir bieten auch <strong>Mitmachaktionen<\/strong> an.<\/p>\n<div style=\"clear: both;\"><\/div>\n<h3><u>Samstags:<\/u><\/h3>\n<ul>\n<li>13:00 bis 14:00 Uhr: Schneeflocken basteln<\/li>\n<li>14:00 bis 15:00 Uhr: Weihnachtskarten basteln<\/li>\n<li>15:00 bis 16:00 Uhr: Holzanh\u00e4nger basteln<\/li>\n<\/ul>\n<p><img decoding=\"async\" class=\"alignright\" src=\"https:\/\/www.schulezumroemerturm.de\/wp-content\/uploads\/2025\/11\/5.png\" alt=\"Musiknoten\" width=\"50\" \/><\/p>\n<ul>\n<li>16:00 bis 16:45 Uhr: Sing mit! \u2013 Mitsingaktion der Mittelstufenklassen<\/li>\n<li>17:00 bis 17:30 Uhr: Gospelchor Na Moul\u00eama, \u2764 Dank Herr Rhetassi!<\/li>\n<\/ul>\n<h3><u>Sonntags:<\/u><\/h3>\n<p><img decoding=\"async\" class=\"alignright\" src=\"https:\/\/www.schulezumroemerturm.de\/wp-content\/uploads\/2025\/11\/7.png\" alt=\"Kekse\" width=\"60\" \/><\/p>\n<ul>\n<li>12:00 bis 13:00 Uhr: Pl\u00e4tzchen verzieren<\/li>\n<li>13:00 bis 14:00 Uhr: Schneeflocken basteln<\/li>\n<li>14:00 bis 15:00 Uhr: Weihnachtskarten basteln<\/li>\n<li>15:00 bis 16:00 Uhr: Holzanh\u00e4nger basteln<\/li>\n<\/ul>\n<hr \/>\n<p><img decoding=\"async\" class=\"alignright\" src=\"https:\/\/www.schulezumroemerturm.de\/wp-content\/uploads\/2025\/11\/8.png\" alt=\"Verkaufsstand\" width=\"80\" \/><\/p>\n<p>Und wir werkeln schon seit mehreren Wochen.<br \/>\nAlles <strong>Selbsthergestellte<\/strong> verkaufen wir an unserem <strong>Verkaufsstand.<\/strong><\/p>\n<p><strong>Der Erl\u00f6s geht an unseren F\u00f6rderverein. <\/strong><br \/>\n<strong>Wir haben noch viele W\u00fcnsche, also kommt alle und unterst\u00fctzt uns!<\/strong><\/p>\n<hr \/>\n<p><img decoding=\"async\" class=\"alignleft\" src=\"https:\/\/www.schulezumroemerturm.de\/wp-content\/uploads\/2025\/11\/9.png\" alt=\"Dorf\" width=\"80\" \/><\/p>\n<p><strong>Es gibt viele weitere sch\u00f6ne St\u00e4nde aus der Dorfgemeinschaft.<\/strong><br \/>\nUnd es wird noch viel mehr zum Mitmachen angeboten.<br \/>\nAuch f\u00fcr das leibliche Wohl ist bestens gesorgt.<\/p>\n<p>&nbsp;<\/p>\n<div style=\"text-align: center;\">\n<p><strong>Es lohnt sich zu kommen! <\/strong><\/p>\n<p><img decoding=\"async\" src=\"https:\/\/www.schulezumroemerturm.de\/wp-content\/uploads\/2025\/11\/10.png\" alt=\"Menschengruppe\" width=\"60\" \/><\/p>\n<p><strong>Wir freuen uns auf euch alle!<\/strong><\/p>\n<\/div>\n<p><strong>Weitere Infos:<\/strong><br \/>\n<a href=\"https:\/\/www.weihnachtsmarkt-thorr.de\" target=\"_blank\" rel=\"noopener\"><strong>https:\/\/www.weihnachtsmarkt-thorr.de<\/strong><\/a><\/p>\n","protected":false},"excerpt":{"rendered":"<p>Liebe Schulgemeinschaft, liebe Freunde und Freundinnen der Schule Zum R\u00f6merturm, wir freuen uns auf ein ganz besonderes Ereignis: am Samstag, 06.12 und am Sonntag, 07.12.2025 feiern wir mit der Dorfgemeinschaft aus Thorr den Weihnachts-Thorr 2025 &nbsp; F\u00fcr diesen ersten gemeinsamen Weihnachtsmarkt haben wir alle zusammen viele \u00dcberraschungen vorbereitet: Am Samstag sorgen wir f\u00fcr leckeren Kuchen &hellip; <a href=\"https:\/\/www.schulezumroemerturm.de\/index.php\/2025\/11\/26\/weihnachts-thorr-2025\/\" class=\"more-link\"><span class=\"screen-reader-text\">Weihnachts-Thorr 2025<\/span> weiterlesen <span class=\"meta-nav\">&rarr;<\/span><\/a><\/p>\n","protected":false},"author":11,"featured_media":0,"comment_status":"closed","ping_status":"closed","sticky":false,"template":"","format":"standard","meta":{"footnotes":""},"categories":[1],"tags":[],"class_list":["post-6866","post","type-post","status-publish","format-standard","hentry","category-allgemein"],"_links":{"self":[{"href":"https:\/\/www.schulezumroemerturm.de\/index.php\/wp-json\/wp\/v2\/posts\/6866","targetHints":{"allow":["GET"]}}],"collection":[{"href":"https:\/\/www.schulezumroemerturm.de\/index.php\/wp-json\/wp\/v2\/posts"}],"about":[{"href":"https:\/\/www.schulezumroemerturm.de\/index.php\/wp-json\/wp\/v2\/types\/post"}],"author":[{"embeddable":true,"href":"https:\/\/www.schulezumroemerturm.de\/index.php\/wp-json\/wp\/v2\/users\/11"}],"replies":[{"embeddable":true,"href":"https:\/\/www.schulezumroemerturm.de\/index.php\/wp-json\/wp\/v2\/comments?post=6866"}],"version-history":[{"count":10,"href":"https:\/\/www.schulezumroemerturm.de\/index.php\/wp-json\/wp\/v2\/posts\/6866\/revisions"}],"predecessor-version":[{"id":6899,"href":"https:\/\/www.schulezumroemerturm.de\/index.php\/wp-json\/wp\/v2\/posts\/6866\/revisions\/6899"}],"wp:attachment":[{"href":"https:\/\/www.schulezumroemerturm.de\/index.php\/wp-json\/wp\/v2\/media?parent=6866"}],"wp:term":[{"taxonomy":"category","embeddable":true,"href":"https:\/\/www.schulezumroemerturm.de\/index.php\/wp-json\/wp\/v2\/categories?post=6866"},{"taxonomy":"post_tag","embeddable":true,"href":"https:\/\/www.schulezumroemerturm.de\/index.php\/wp-json\/wp\/v2\/tags?post=6866"}],"curies":[{"name":"wp","href":"https:\/\/api.w.org\/{rel}","templated":true}]}}