{"id":6906,"date":"2025-12-07T14:20:31","date_gmt":"2025-12-07T13:20:31","guid":{"rendered":"https:\/\/www.schulezumroemerturm.de\/?p=6906"},"modified":"2025-12-08T20:20:40","modified_gmt":"2025-12-08T19:20:40","slug":"manege-frei-und-vorhang-auf","status":"publish","type":"post","link":"https:\/\/www.schulezumroemerturm.de\/index.php\/2025\/12\/07\/manege-frei-und-vorhang-auf\/","title":{"rendered":"Manege frei und Vorhang auf!"},"content":{"rendered":"<p style=\"text-align: justify;\"><img loading=\"lazy\" decoding=\"async\" class=\"wp-image-6912 alignleft\" src=\"https:\/\/www.schulezumroemerturm.de\/wp-content\/uploads\/2025\/12\/IMG_6677-scaled.jpg\" alt=\"\" width=\"349\" height=\"523\" srcset=\"https:\/\/www.schulezumroemerturm.de\/wp-content\/uploads\/2025\/12\/IMG_6677-scaled.jpg 1707w, https:\/\/www.schulezumroemerturm.de\/wp-content\/uploads\/2025\/12\/IMG_6677-200x300.jpg 200w, https:\/\/www.schulezumroemerturm.de\/wp-content\/uploads\/2025\/12\/IMG_6677-683x1024.jpg 683w, https:\/\/www.schulezumroemerturm.de\/wp-content\/uploads\/2025\/12\/IMG_6677-1024x1536.jpg 1024w, https:\/\/www.schulezumroemerturm.de\/wp-content\/uploads\/2025\/12\/IMG_6677-1365x2048.jpg 1365w\" sizes=\"auto, (max-width: 349px) 100vw, 349px\" \/>Am 02.12.2025 hie\u00df es: <strong>Manege frei und Vorhang<\/strong> auf f\u00fcr unser Zirkusprojekt mit dem <strong>K\u00f6lner Spielezirkus<\/strong>.<\/p>\n<p style=\"text-align: justify;\">Zwei Tage lang verwandelte sich unsere Turnhalle in eine bunte Manege, gef\u00fcllt mit viel Spa\u00df, Mut, Motivation, Teamgeist und vielleicht auch ein bisschen Lampenfieber.<\/p>\n<p style=\"text-align: justify;\" data-start=\"149\" data-end=\"389\"><strong>30 Sch\u00fclerinnen und Sch\u00fcler der Unterstufe<\/strong> konnten f\u00fcr zwei Tage in die Rolle von Artisten, Jongleuren und Clowns schl\u00fcpfen und hatten dabei viel Spa\u00df. Mit beeindruckender Konzentration und Begeisterung probten sie zusammen, um am Ende das St\u00fcck <strong>&#8222;Der leuchtende Weihnachtsstern&#8220;<\/strong> aufzuf\u00fchren.<\/p>\n<p style=\"text-align: justify;\" data-start=\"391\" data-end=\"746\">Bei der abschlie\u00dfenden Auff\u00fchrung zeigten die Sch\u00fclerinnen und Sch\u00fcler vor allem viel Mut und eine Menge K\u00f6nnen! Das Publikum belohnte sie anschlie\u00dfend mit lautem Applaus.<\/p>\n<p style=\"text-align: justify;\" data-start=\"748\" data-end=\"968\">Ein herzliches Dankesch\u00f6n an den K\u00f6lner Spielezirkus f\u00fcr die tolle Zusammenarbeit &#8211; und nat\u00fcrlich auch an unsere jungen Artistinnen und Artisten, die dieses Projekt zu einem unvergesslichen Erlebnis gemacht haben! \u2728<\/p>\n<div id='gallery-1' class='gallery galleryid-6906 gallery-columns-3 gallery-size-thumbnail'><figure class='gallery-item'>\n\t\t\t<div class='gallery-icon portrait'>\n\t\t\t\t<a href='https:\/\/www.schulezumroemerturm.de\/index.php\/2025\/12\/07\/manege-frei-und-vorhang-auf\/img_6705\/'><img loading=\"lazy\" decoding=\"async\" width=\"200\" height=\"200\" src=\"https:\/\/www.schulezumroemerturm.de\/wp-content\/uploads\/2025\/12\/IMG_6705-200x200.jpg\" class=\"attachment-thumbnail size-thumbnail\" alt=\"\" \/><\/a>\n\t\t\t<\/div><\/figure><figure class='gallery-item'>\n\t\t\t<div class='gallery-icon landscape'>\n\t\t\t\t<a href='https:\/\/www.schulezumroemerturm.de\/index.php\/2025\/12\/07\/manege-frei-und-vorhang-auf\/img_6585\/'><img loading=\"lazy\" decoding=\"async\" width=\"200\" height=\"200\" src=\"https:\/\/www.schulezumroemerturm.de\/wp-content\/uploads\/2025\/12\/IMG_6585-200x200.jpg\" class=\"attachment-thumbnail size-thumbnail\" alt=\"\" \/><\/a>\n\t\t\t<\/div><\/figure><figure class='gallery-item'>\n\t\t\t<div class='gallery-icon portrait'>\n\t\t\t\t<a href='https:\/\/www.schulezumroemerturm.de\/index.php\/2025\/12\/07\/manege-frei-und-vorhang-auf\/img_6523\/'><img loading=\"lazy\" decoding=\"async\" width=\"200\" height=\"200\" src=\"https:\/\/www.schulezumroemerturm.de\/wp-content\/uploads\/2025\/12\/IMG_6523-200x200.jpg\" class=\"attachment-thumbnail size-thumbnail\" alt=\"\" \/><\/a>\n\t\t\t<\/div><\/figure><figure class='gallery-item'>\n\t\t\t<div class='gallery-icon portrait'>\n\t\t\t\t<a href='https:\/\/www.schulezumroemerturm.de\/index.php\/2025\/12\/07\/manege-frei-und-vorhang-auf\/img_6447\/'><img loading=\"lazy\" decoding=\"async\" width=\"200\" height=\"200\" src=\"https:\/\/www.schulezumroemerturm.de\/wp-content\/uploads\/2025\/12\/IMG_6447-200x200.jpg\" class=\"attachment-thumbnail size-thumbnail\" alt=\"\" \/><\/a>\n\t\t\t<\/div><\/figure><figure class='gallery-item'>\n\t\t\t<div class='gallery-icon portrait'>\n\t\t\t\t<a href='https:\/\/www.schulezumroemerturm.de\/index.php\/2025\/12\/07\/manege-frei-und-vorhang-auf\/img_6511\/'><img loading=\"lazy\" decoding=\"async\" width=\"200\" height=\"200\" src=\"https:\/\/www.schulezumroemerturm.de\/wp-content\/uploads\/2025\/12\/IMG_6511-200x200.jpg\" class=\"attachment-thumbnail size-thumbnail\" alt=\"\" \/><\/a>\n\t\t\t<\/div><\/figure>\n\t\t<\/div>\n\n","protected":false},"excerpt":{"rendered":"<p>Am 02.12.2025 hie\u00df es: Manege frei und Vorhang auf f\u00fcr unser Zirkusprojekt mit dem K\u00f6lner Spielezirkus. Zwei Tage lang verwandelte sich unsere Turnhalle in eine bunte Manege, gef\u00fcllt mit viel Spa\u00df, Mut, Motivation, Teamgeist und vielleicht auch ein bisschen Lampenfieber. 30 Sch\u00fclerinnen und Sch\u00fcler der Unterstufe konnten f\u00fcr zwei Tage in die Rolle von Artisten, &hellip; <a href=\"https:\/\/www.schulezumroemerturm.de\/index.php\/2025\/12\/07\/manege-frei-und-vorhang-auf\/\" class=\"more-link\"><span class=\"screen-reader-text\">Manege frei und Vorhang auf!<\/span> weiterlesen <span class=\"meta-nav\">&rarr;<\/span><\/a><\/p>\n","protected":false},"author":11,"featured_media":0,"comment_status":"closed","ping_status":"closed","sticky":false,"template":"","format":"standard","meta":{"footnotes":""},"categories":[1],"tags":[],"class_list":["post-6906","post","type-post","status-publish","format-standard","hentry","category-allgemein"],"_links":{"self":[{"href":"https:\/\/www.schulezumroemerturm.de\/index.php\/wp-json\/wp\/v2\/posts\/6906","targetHints":{"allow":["GET"]}}],"collection":[{"href":"https:\/\/www.schulezumroemerturm.de\/index.php\/wp-json\/wp\/v2\/posts"}],"about":[{"href":"https:\/\/www.schulezumroemerturm.de\/index.php\/wp-json\/wp\/v2\/types\/post"}],"author":[{"embeddable":true,"href":"https:\/\/www.schulezumroemerturm.de\/index.php\/wp-json\/wp\/v2\/users\/11"}],"replies":[{"embeddable":true,"href":"https:\/\/www.schulezumroemerturm.de\/index.php\/wp-json\/wp\/v2\/comments?post=6906"}],"version-history":[{"count":8,"href":"https:\/\/www.schulezumroemerturm.de\/index.php\/wp-json\/wp\/v2\/posts\/6906\/revisions"}],"predecessor-version":[{"id":6922,"href":"https:\/\/www.schulezumroemerturm.de\/index.php\/wp-json\/wp\/v2\/posts\/6906\/revisions\/6922"}],"wp:attachment":[{"href":"https:\/\/www.schulezumroemerturm.de\/index.php\/wp-json\/wp\/v2\/media?parent=6906"}],"wp:term":[{"taxonomy":"category","embeddable":true,"href":"https:\/\/www.schulezumroemerturm.de\/index.php\/wp-json\/wp\/v2\/categories?post=6906"},{"taxonomy":"post_tag","embeddable":true,"href":"https:\/\/www.schulezumroemerturm.de\/index.php\/wp-json\/wp\/v2\/tags?post=6906"}],"curies":[{"name":"wp","href":"https:\/\/api.w.org\/{rel}","templated":true}]}}